{"id":5040,"date":"2021-11-29T07:32:17","date_gmt":"2021-11-29T07:32:17","guid":{"rendered":"http:\/\/zs.wolczyn.pl\/sp\/?p=5040"},"modified":"2024-05-06T11:42:52","modified_gmt":"2024-05-06T11:42:52","slug":"pasowanie-na-swietlika-2","status":"publish","type":"post","link":"http:\/\/zs.wolczyn.pl\/sp\/pasowanie-na-swietlika-2\/","title":{"rendered":"Pasowanie na \u015awietlika"},"content":{"rendered":"<p><span style=\"font-size: large;\">Dnia 24 listopada 2021 roku w auli Zespo\u0142u Szk\u00f3\u0142 w Wo\u0142czynie odby\u0142o si\u0119 uroczyste Pasowanie na \u015awietlika. Program artystyczny przygotowa\u0142y: Pani Magdalena Zagaja, Pani Magdalena Staszewska i Pani Ewelina Baran. Ca\u0142\u0105 uroczysto\u015b\u0107 poprowadzi\u0142y uczennice: Weronika Wengel oraz Zuzanna Perdek. Po przywitaniu pierwszoklasist\u00f3w dzieciom zosta\u0142y przedstawione zadania, kt\u00f3re nale\u017ca\u0142o pozytywnie zaliczy\u0107, aby zosta\u0107 cz\u0142onkiem \u015awietlicy Szkolnej. Uczniowie wykazali si\u0119 wiedz\u0105 dotycz\u0105c\u0105 cech charakteryzuj\u0105cych prawdziwego \u015bwietlika, znajomo\u015bci\u0105 postaci z bajek oraz doskonale wykonali zadania sprawno\u015bciowe. Wszyscy bardzo ch\u0119tnie brali udzia\u0142 w zabawach wykazuj\u0105c si\u0119 przy tym du\u017c\u0105 kreatywno\u015bci\u0105. Na koniec z\u0142o\u017cyli uroczyste \u015blubowanie po kt\u00f3rym Pani Dyrektor Ewa W\u0142os dokona\u0142a aktu pasowania na \u015awietlika, a Pani Kierownik El\u017cbieta G\u0142uszko-Potera\u0142owicz wr\u0119czy\u0142a upominki. Na dow\u00f3d przyj\u0119cia do \u015bwietlicowej spo\u0142eczno\u015bci dzieci otrzyma\u0142y r\u00f3wnie\u017c pami\u0105tkowe dyplomy.<\/span><\/p>\n<p>[ngg src=&#8221;galleries&#8221; ids=&#8221;69&#8243; display=&#8221;basic_slideshow&#8221; arrows=&#8221;1&#8243; show_thumbnail_link=&#8221;1&#8243; thumbnail_link_text=&#8221;Poka\u017c miniaturki&#8221;]<\/p>\n","protected":false},"excerpt":{"rendered":"<p>Dnia 24 listopada 2021 roku w auli Zespo\u0142u Szk\u00f3\u0142 w Wo\u0142czynie odby\u0142o si\u0119 uroczyste Pasowanie na \u015awietlika. Program artystyczny przygotowa\u0142y: Pani Magdalena Zagaja, Pani Magdalena Staszewska i Pani Ewelina Baran. <a href=\"http:\/\/zs.wolczyn.pl\/sp\/pasowanie-na-swietlika-2\/\" class=\"read-more\">Czytaj dalej &#8230;<\/a><\/p>\n","protected":false},"author":1,"featured_media":5123,"comment_status":"closed","ping_status":"open","sticky":false,"template":"","format":"standard","meta":{"footnotes":""},"categories":[34,3],"tags":[],"class_list":["post-5040","post","type-post","status-publish","format-standard","has-post-thumbnail","hentry","category-na-akt","category-events"],"_links":{"self":[{"href":"http:\/\/zs.wolczyn.pl\/sp\/wp-json\/wp\/v2\/posts\/5040","targetHints":{"allow":["GET"]}}],"collection":[{"href":"http:\/\/zs.wolczyn.pl\/sp\/wp-json\/wp\/v2\/posts"}],"about":[{"href":"http:\/\/zs.wolczyn.pl\/sp\/wp-json\/wp\/v2\/types\/post"}],"author":[{"embeddable":true,"href":"http:\/\/zs.wolczyn.pl\/sp\/wp-json\/wp\/v2\/users\/1"}],"replies":[{"embeddable":true,"href":"http:\/\/zs.wolczyn.pl\/sp\/wp-json\/wp\/v2\/comments?post=5040"}],"version-history":[{"count":0,"href":"http:\/\/zs.wolczyn.pl\/sp\/wp-json\/wp\/v2\/posts\/5040\/revisions"}],"wp:featuredmedia":[{"embeddable":true,"href":"http:\/\/zs.wolczyn.pl\/sp\/wp-json\/wp\/v2\/media\/5123"}],"wp:attachment":[{"href":"http:\/\/zs.wolczyn.pl\/sp\/wp-json\/wp\/v2\/media?parent=5040"}],"wp:term":[{"taxonomy":"category","embeddable":true,"href":"http:\/\/zs.wolczyn.pl\/sp\/wp-json\/wp\/v2\/categories?post=5040"},{"taxonomy":"post_tag","embeddable":true,"href":"http:\/\/zs.wolczyn.pl\/sp\/wp-json\/wp\/v2\/tags?post=5040"}],"curies":[{"name":"wp","href":"https:\/\/api.w.org\/{rel}","templated":true}]}}