{"id":5392,"date":"2022-02-14T11:29:50","date_gmt":"2022-02-14T11:29:50","guid":{"rendered":"http:\/\/zs.wolczyn.pl\/sp\/?p=5392"},"modified":"2022-02-14T11:29:52","modified_gmt":"2022-02-14T11:29:52","slug":"bal-karnawalowy-4b","status":"publish","type":"post","link":"http:\/\/zs.wolczyn.pl\/sp\/bal-karnawalowy-4b\/","title":{"rendered":"BAL KARNAWA\u0141OWY 4B"},"content":{"rendered":"<p>Okres Karnawa\u0142u kasa 4b \u015bwi\u0119towa\u0142a podczas wsp\u00f3lnego balu, kt\u00f3ry mia\u0142 miejsce 28.01.2022. Imprezie towarzyszy\u0142y ta\u0144ce, zabawy, uczta kulinarna, a tak\u017ce plebiscyt na NAJLEPSZEGO PRZEBIERA\u0143CA.<\/p>\n<p>[ngg src=&#8221;galleries&#8221; ids=&#8221;79&#8243; display=&#8221;basic_slideshow&#8221;]W tajnym g\u0142osowaniu wybrano najlepiej przebranych<\/p>\n<p>I miejsce &#8211; Jagoda Jakubiak<\/p>\n<p>II miejsce &#8211; Jan Siarka<\/p>\n<p>III miejsce &#8211; Zuzanna Pizu\u0144ska<\/p>\n<p>Wszystkim uczniom gratulujemy poczucia humoru i \u015bwietnej wsp\u00f3lnej zabawy,<br \/>\nRodzicom za pomoc i wsp\u00f3\u0142organizacj\u0119 Balu!<\/p>\n<p>[ngg src=&#8221;galleries&#8221; ids=&#8221;78&#8243; display=&#8221;basic_slideshow&#8221;]<\/p>\n<p style=\"text-align: right;\">&nbsp;wychowawca mgr Ma\u0142gorzata Wider<\/p>\n","protected":false},"excerpt":{"rendered":"<p>Okres Karnawa\u0142u kasa 4b \u015bwi\u0119towa\u0142a podczas wsp\u00f3lnego balu, kt\u00f3ry mia\u0142 miejsce 28.01.2022. Imprezie towarzyszy\u0142y ta\u0144ce, zabawy, uczta kulinarna, a tak\u017ce plebiscyt na NAJLEPSZEGO PRZEBIERA\u0143CA. [ngg src=&#8221;galleries&#8221; ids=&#8221;79&#8243; display=&#8221;basic_slideshow&#8221;]W tajnym g\u0142osowaniu <a href=\"http:\/\/zs.wolczyn.pl\/sp\/bal-karnawalowy-4b\/\" class=\"read-more\">Czytaj dalej &#8230;<\/a><\/p>\n","protected":false},"author":1,"featured_media":5431,"comment_status":"closed","ping_status":"open","sticky":false,"template":"","format":"standard","meta":{"footnotes":""},"categories":[3],"tags":[],"class_list":["post-5392","post","type-post","status-publish","format-standard","has-post-thumbnail","hentry","category-events"],"_links":{"self":[{"href":"http:\/\/zs.wolczyn.pl\/sp\/wp-json\/wp\/v2\/posts\/5392","targetHints":{"allow":["GET"]}}],"collection":[{"href":"http:\/\/zs.wolczyn.pl\/sp\/wp-json\/wp\/v2\/posts"}],"about":[{"href":"http:\/\/zs.wolczyn.pl\/sp\/wp-json\/wp\/v2\/types\/post"}],"author":[{"embeddable":true,"href":"http:\/\/zs.wolczyn.pl\/sp\/wp-json\/wp\/v2\/users\/1"}],"replies":[{"embeddable":true,"href":"http:\/\/zs.wolczyn.pl\/sp\/wp-json\/wp\/v2\/comments?post=5392"}],"version-history":[{"count":0,"href":"http:\/\/zs.wolczyn.pl\/sp\/wp-json\/wp\/v2\/posts\/5392\/revisions"}],"wp:featuredmedia":[{"embeddable":true,"href":"http:\/\/zs.wolczyn.pl\/sp\/wp-json\/wp\/v2\/media\/5431"}],"wp:attachment":[{"href":"http:\/\/zs.wolczyn.pl\/sp\/wp-json\/wp\/v2\/media?parent=5392"}],"wp:term":[{"taxonomy":"category","embeddable":true,"href":"http:\/\/zs.wolczyn.pl\/sp\/wp-json\/wp\/v2\/categories?post=5392"},{"taxonomy":"post_tag","embeddable":true,"href":"http:\/\/zs.wolczyn.pl\/sp\/wp-json\/wp\/v2\/tags?post=5392"}],"curies":[{"name":"wp","href":"https:\/\/api.w.org\/{rel}","templated":true}]}}