{"id":5458,"date":"2022-02-15T12:40:42","date_gmt":"2022-02-15T12:40:42","guid":{"rendered":"http:\/\/zs.wolczyn.pl\/sp\/?p=5458"},"modified":"2022-02-15T12:40:43","modified_gmt":"2022-02-15T12:40:43","slug":"lekcja-kleksografii","status":"publish","type":"post","link":"http:\/\/zs.wolczyn.pl\/sp\/lekcja-kleksografii\/","title":{"rendered":"Lekcja kleksografii"},"content":{"rendered":"<p>Bajeczny \u015bwiat pana Kleksa odkrywali na lekcji uczniowie klasy IV B. Stworzyli przepi\u0119kne prace i tematycznie z nimi zwi\u0105zanie wiersze.<\/p>\n<hr>\n<p>Na mej kartce si\u0119 pojawi\u0142,<img loading=\"lazy\" decoding=\"async\" class=\"alignright wp-image-5459\" src=\"http:\/\/zs.wolczyn.pl\/sp\/wp-content\/uploads\/2022\/02\/kleksografia-1-150x150.jpg\" alt=\"\" width=\"327\" height=\"326\" srcset=\"http:\/\/zs.wolczyn.pl\/sp\/wp-content\/uploads\/2022\/02\/kleksografia-1-150x150.jpg 150w, http:\/\/zs.wolczyn.pl\/sp\/wp-content\/uploads\/2022\/02\/kleksografia-1-300x300.jpg 300w, http:\/\/zs.wolczyn.pl\/sp\/wp-content\/uploads\/2022\/02\/kleksografia-1-1024x1024.jpg 1024w, http:\/\/zs.wolczyn.pl\/sp\/wp-content\/uploads\/2022\/02\/kleksografia-1-768x767.jpg 768w, http:\/\/zs.wolczyn.pl\/sp\/wp-content\/uploads\/2022\/02\/kleksografia-1-1536x1534.jpg 1536w, http:\/\/zs.wolczyn.pl\/sp\/wp-content\/uploads\/2022\/02\/kleksografia-1-2048x2045.jpg 2048w\" sizes=\"auto, (max-width: 327px) 100vw, 327px\" \/><\/p>\n<p>czarn\u0105 plam\u0119 mi zostawi\u0142.<\/p>\n<p>Rozla\u0142 si\u0119 jak szklanka mleka,<\/p>\n<p>nie wiedzia\u0142em, co mnie czeka.<\/p>\n<p>Gdy go tylko zobaczy\u0142em,<\/p>\n<p>wnet si\u0119 wielce nie zdziwi\u0142em.<\/p>\n<p>Ju\u017c wiedzia\u0142em, \u017ce to spryciarz<\/p>\n<p>cichy, czarny KLEKS \u2013 wr\u00f3\u017cbita. (FRANEK)<\/p>\n<hr>\n<p>Na mojej kartce atramentowych kropli tyle,<\/p>\n<p>\u017ce wygl\u0105daj\u0105 jak fruwaj\u0105ce motyle.<\/p>\n<p>Gdy niebieska kropka spada,<\/p>\n<p>motyl skrzyde\u0142ka swe rozk\u0142ada. (Marysia)<\/p>\n<hr>\n<p>M\u00f3j kleks to jednoro\u017cec,<img loading=\"lazy\" decoding=\"async\" class=\"alignright wp-image-5460\" src=\"http:\/\/zs.wolczyn.pl\/sp\/wp-content\/uploads\/2022\/02\/kleksografia-3-150x150.jpg\" alt=\"\" width=\"326\" height=\"326\" srcset=\"http:\/\/zs.wolczyn.pl\/sp\/wp-content\/uploads\/2022\/02\/kleksografia-3-150x150.jpg 150w, http:\/\/zs.wolczyn.pl\/sp\/wp-content\/uploads\/2022\/02\/kleksografia-3-300x300.jpg 300w, http:\/\/zs.wolczyn.pl\/sp\/wp-content\/uploads\/2022\/02\/kleksografia-3-1022x1024.jpg 1022w, http:\/\/zs.wolczyn.pl\/sp\/wp-content\/uploads\/2022\/02\/kleksografia-3-768x770.jpg 768w, http:\/\/zs.wolczyn.pl\/sp\/wp-content\/uploads\/2022\/02\/kleksografia-3-1533x1536.jpg 1533w, http:\/\/zs.wolczyn.pl\/sp\/wp-content\/uploads\/2022\/02\/kleksografia-3-2044x2048.jpg 2044w\" sizes=\"auto, (max-width: 326px) 100vw, 326px\" \/><\/p>\n<p>kolory ma jak na wzorze.<\/p>\n<p>Jest pi\u0119kny jak t\u0119cza,<\/p>\n<p>kt\u00f3rej kolory zawdzi\u0119cza.<\/p>\n<p>Ma cztery nogi,<\/p>\n<p>to mniej ni\u017c p\u00f3\u0142 stonogi. (Hania)<\/p>\n<hr>\n<p>Niebieska plama \u2013 kleks albo serce?<\/p>\n<p>Kartk\u0105 t\u0105 kr\u0119c\u0119 i jestem w rozterce.<\/p>\n<p>Czasem wida\u0107 skrzyd\u0142a,<\/p>\n<p>a nawet dwie twarze.<\/p>\n<p>Mo\u017ce poprosz\u0119 ludzi o komentarze? (KASJAN)<\/p>\n<hr>\n<p>Bia\u0142\u0105 kartk\u0119 br\u0105zowa plama pokry\u0142a,<img loading=\"lazy\" decoding=\"async\" class=\"alignright wp-image-5461\" src=\"http:\/\/zs.wolczyn.pl\/sp\/wp-content\/uploads\/2022\/02\/kleksografia2-150x150.jpg\" alt=\"\" width=\"326\" height=\"316\" srcset=\"http:\/\/zs.wolczyn.pl\/sp\/wp-content\/uploads\/2022\/02\/kleksografia2-300x291.jpg 300w, http:\/\/zs.wolczyn.pl\/sp\/wp-content\/uploads\/2022\/02\/kleksografia2-1024x992.jpg 1024w, http:\/\/zs.wolczyn.pl\/sp\/wp-content\/uploads\/2022\/02\/kleksografia2-768x744.jpg 768w, http:\/\/zs.wolczyn.pl\/sp\/wp-content\/uploads\/2022\/02\/kleksografia2-1536x1488.jpg 1536w, http:\/\/zs.wolczyn.pl\/sp\/wp-content\/uploads\/2022\/02\/kleksografia2-2048x1984.jpg 2048w\" sizes=\"auto, (max-width: 326px) 100vw, 326px\" \/><\/p>\n<p>i du\u017cego kleksa utworzy\u0142a.<\/p>\n<p>Kiedy na ni\u0105 popatrzy\u0142em,<\/p>\n<p>g\u0142ow\u0119 byka zobaczy\u0142em. (Janek)<\/p>\n<hr>\n<p>Ma\u0142y owad kolorowy,<\/p>\n<p>nigdy bym nie da\u0142 g\u0142owy,<\/p>\n<p>\u017ce ten owad kolorowy<\/p>\n<p>to motylek owocowy. (Kacper M.)<\/p>\n<hr>\n<p>Prosz\u0119 Pa\u0144stwa oto g\u0142owa,<\/p>\n<p>g\u0142owa czarna i w\u0119glowa.<\/p>\n<p>Czy w tej g\u0142\u00f3wce jest rozumek?<\/p>\n<p>Tego nie wiem,<\/p>\n<p>nie ma jednak w\u0142os\u00f3w<\/p>\n<p>a na nich kucyk\u00f3w i gumek. (JAGODA)<img loading=\"lazy\" decoding=\"async\" class=\"alignright wp-image-5462\" src=\"http:\/\/zs.wolczyn.pl\/sp\/wp-content\/uploads\/2022\/02\/kleksografia4-150x150.jpg\" alt=\"\" width=\"326\" height=\"354\" srcset=\"http:\/\/zs.wolczyn.pl\/sp\/wp-content\/uploads\/2022\/02\/kleksografia4-276x300.jpg 276w, http:\/\/zs.wolczyn.pl\/sp\/wp-content\/uploads\/2022\/02\/kleksografia4-943x1024.jpg 943w, http:\/\/zs.wolczyn.pl\/sp\/wp-content\/uploads\/2022\/02\/kleksografia4-768x834.jpg 768w, http:\/\/zs.wolczyn.pl\/sp\/wp-content\/uploads\/2022\/02\/kleksografia4-1415x1536.jpg 1415w, http:\/\/zs.wolczyn.pl\/sp\/wp-content\/uploads\/2022\/02\/kleksografia4-1887x2048.jpg 1887w\" sizes=\"auto, (max-width: 326px) 100vw, 326px\" \/><\/p>\n<hr>\n<p>Zrobi\u0142em kleksa, a wygl\u0105d ma jak beksa.<\/p>\n<p>Koloru jest niebieskiego,<\/p>\n<p>kszta\u0142tu ko\u015blawego.<\/p>\n<p>Robi\u0142em go ze dwie godziny,<\/p>\n<p>na inne zadania nie mia\u0142em ju\u017c si\u0142y. (KSAWIER)<\/p>\n<hr>\n<p>M\u00f3j kleksik atramentowy<\/p>\n<p>ma kszta\u0142t wyj\u0105tkowy.<\/p>\n<p>Wygl\u0105da jak maska karnawa\u0142owa,<\/p>\n<p>kt\u00f3ra pi\u00f3rkami jest ozdobiona.<\/p>\n<p>Na pewno Was to zaskoczy,<\/p>\n<p>ona nie ma otwor\u00f3w na oczy! (Kacper Sz.)<\/p>\n<p><img loading=\"lazy\" decoding=\"async\" class=\"aligncenter size-large wp-image-5463\" src=\"http:\/\/zs.wolczyn.pl\/sp\/wp-content\/uploads\/2022\/02\/kleksografia5-1024x974.jpg\" alt=\"\" width=\"640\" height=\"609\" srcset=\"http:\/\/zs.wolczyn.pl\/sp\/wp-content\/uploads\/2022\/02\/kleksografia5-1024x974.jpg 1024w, http:\/\/zs.wolczyn.pl\/sp\/wp-content\/uploads\/2022\/02\/kleksografia5-300x285.jpg 300w, http:\/\/zs.wolczyn.pl\/sp\/wp-content\/uploads\/2022\/02\/kleksografia5-768x731.jpg 768w, http:\/\/zs.wolczyn.pl\/sp\/wp-content\/uploads\/2022\/02\/kleksografia5-1536x1461.jpg 1536w, http:\/\/zs.wolczyn.pl\/sp\/wp-content\/uploads\/2022\/02\/kleksografia5-2048x1948.jpg 2048w\" sizes=\"auto, (max-width: 640px) 100vw, 640px\" \/><\/p>\n","protected":false},"excerpt":{"rendered":"<p>Bajeczny \u015bwiat pana Kleksa odkrywali na lekcji uczniowie klasy IV B. Stworzyli przepi\u0119kne prace i tematycznie z nimi zwi\u0105zanie wiersze. Na mej kartce si\u0119 pojawi\u0142, czarn\u0105 plam\u0119 mi zostawi\u0142. Rozla\u0142 <a href=\"http:\/\/zs.wolczyn.pl\/sp\/lekcja-kleksografii\/\" class=\"read-more\">Czytaj dalej &#8230;<\/a><\/p>\n","protected":false},"author":1,"featured_media":5469,"comment_status":"closed","ping_status":"open","sticky":false,"template":"","format":"standard","meta":{"footnotes":""},"categories":[3],"tags":[],"class_list":["post-5458","post","type-post","status-publish","format-standard","has-post-thumbnail","hentry","category-events"],"_links":{"self":[{"href":"http:\/\/zs.wolczyn.pl\/sp\/wp-json\/wp\/v2\/posts\/5458","targetHints":{"allow":["GET"]}}],"collection":[{"href":"http:\/\/zs.wolczyn.pl\/sp\/wp-json\/wp\/v2\/posts"}],"about":[{"href":"http:\/\/zs.wolczyn.pl\/sp\/wp-json\/wp\/v2\/types\/post"}],"author":[{"embeddable":true,"href":"http:\/\/zs.wolczyn.pl\/sp\/wp-json\/wp\/v2\/users\/1"}],"replies":[{"embeddable":true,"href":"http:\/\/zs.wolczyn.pl\/sp\/wp-json\/wp\/v2\/comments?post=5458"}],"version-history":[{"count":0,"href":"http:\/\/zs.wolczyn.pl\/sp\/wp-json\/wp\/v2\/posts\/5458\/revisions"}],"wp:featuredmedia":[{"embeddable":true,"href":"http:\/\/zs.wolczyn.pl\/sp\/wp-json\/wp\/v2\/media\/5469"}],"wp:attachment":[{"href":"http:\/\/zs.wolczyn.pl\/sp\/wp-json\/wp\/v2\/media?parent=5458"}],"wp:term":[{"taxonomy":"category","embeddable":true,"href":"http:\/\/zs.wolczyn.pl\/sp\/wp-json\/wp\/v2\/categories?post=5458"},{"taxonomy":"post_tag","embeddable":true,"href":"http:\/\/zs.wolczyn.pl\/sp\/wp-json\/wp\/v2\/tags?post=5458"}],"curies":[{"name":"wp","href":"https:\/\/api.w.org\/{rel}","templated":true}]}}