{"id":5470,"date":"2022-02-15T13:11:15","date_gmt":"2022-02-15T13:11:15","guid":{"rendered":"http:\/\/zs.wolczyn.pl\/sp\/?p=5470"},"modified":"2022-02-15T13:18:03","modified_gmt":"2022-02-15T13:18:03","slug":"4b-doskonalila-umiejetnosc-pracy-w-grupie","status":"publish","type":"post","link":"http:\/\/zs.wolczyn.pl\/sp\/4b-doskonalila-umiejetnosc-pracy-w-grupie\/","title":{"rendered":"Klasa 4b doskonali\u0142a umiej\u0119tno\u015b\u0107 pracy w grupie"},"content":{"rendered":"<p>Czwartoklasi\u015bci na klasowym spotkaniu po lekcjach zaprezentowali informacje na temat obchod\u00f3w \u015awi\u0105t Bo\u017cego Narodzenia w Austrii, Niemczech, W\u0142oszech, Francji, Wielkiej Brytanii, Rosji i Hiszpanii,<!--more--> kt\u00f3re przygotowywali w zespo\u0142ach w miesi\u0105cu grudniu i styczniu. Grupy zg\u0142\u0119bi\u0142y wiedz\u0119 dotycz\u0105c\u0105 charakterystycznych potraw, zwyczaj\u00f3w tych pa\u0144stw, a na spotkaniu klasowym 14.01.2022 uczniowie kl. 4b przedstawili swoj\u0105 prac\u0119 w formie s\u0142ownej i wizualnej.<\/p>\n<p>Dzi\u0119ki wsp\u00f3lnej pracy nad zadaniem rozwin\u0119\u0142y si\u0119 u uczni\u00f3w umiej\u0119tno\u015b\u0107 selekcji informacji, prezentacji przygotowanego materia\u0142u, opanowania tremy oraz aktywnego s\u0142uchania.<\/p>\n<p style=\"text-align: right;\">&nbsp;&nbsp;&nbsp;&nbsp;&nbsp;&nbsp;&nbsp;&nbsp;&nbsp;&nbsp;&nbsp;&nbsp;&nbsp;&nbsp;&nbsp;&nbsp;&nbsp;&nbsp;&nbsp;&nbsp;&nbsp;&nbsp;&nbsp;&nbsp;&nbsp;&nbsp;&nbsp;&nbsp;&nbsp;&nbsp;&nbsp;&nbsp;&nbsp;&nbsp;&nbsp;&nbsp;&nbsp;&nbsp;&nbsp;&nbsp;&nbsp;&nbsp;&nbsp;&nbsp;&nbsp;&nbsp;&nbsp;&nbsp;&nbsp;&nbsp;&nbsp;&nbsp;&nbsp;&nbsp;&nbsp;&nbsp;&nbsp;&nbsp;&nbsp;&nbsp;&nbsp;&nbsp;&nbsp;&nbsp;&nbsp;&nbsp;&nbsp;&nbsp;&nbsp;&nbsp;&nbsp;&nbsp;&nbsp;&nbsp;&nbsp;&nbsp;&nbsp;&nbsp;&nbsp;&nbsp;&nbsp;&nbsp;&nbsp;&nbsp;&nbsp;&nbsp;&nbsp;&nbsp;&nbsp;&nbsp;&nbsp;&nbsp; wychowawca mgr Ma\u0142gorzata Wider<\/p>\n<p>[ngg src=&#8221;galleries&#8221; ids=&#8221;81&#8243; exclusions=&#8221;1366,1370,1365&#8243; display=&#8221;basic_thumbnail&#8221; thumbnail_crop=&#8221;0&#8243; number_of_columns=&#8221;3&#8243;]<\/p>\n","protected":false},"excerpt":{"rendered":"<p>Czwartoklasi\u015bci na klasowym spotkaniu po lekcjach zaprezentowali informacje na temat obchod\u00f3w \u015awi\u0105t Bo\u017cego Narodzenia w Austrii, Niemczech, W\u0142oszech, Francji, Wielkiej Brytanii, Rosji i Hiszpanii,<\/p>\n","protected":false},"author":1,"featured_media":530,"comment_status":"closed","ping_status":"open","sticky":false,"template":"","format":"standard","meta":{"footnotes":""},"categories":[3],"tags":[],"class_list":["post-5470","post","type-post","status-publish","format-standard","has-post-thumbnail","hentry","category-events"],"_links":{"self":[{"href":"http:\/\/zs.wolczyn.pl\/sp\/wp-json\/wp\/v2\/posts\/5470","targetHints":{"allow":["GET"]}}],"collection":[{"href":"http:\/\/zs.wolczyn.pl\/sp\/wp-json\/wp\/v2\/posts"}],"about":[{"href":"http:\/\/zs.wolczyn.pl\/sp\/wp-json\/wp\/v2\/types\/post"}],"author":[{"embeddable":true,"href":"http:\/\/zs.wolczyn.pl\/sp\/wp-json\/wp\/v2\/users\/1"}],"replies":[{"embeddable":true,"href":"http:\/\/zs.wolczyn.pl\/sp\/wp-json\/wp\/v2\/comments?post=5470"}],"version-history":[{"count":0,"href":"http:\/\/zs.wolczyn.pl\/sp\/wp-json\/wp\/v2\/posts\/5470\/revisions"}],"wp:featuredmedia":[{"embeddable":true,"href":"http:\/\/zs.wolczyn.pl\/sp\/wp-json\/wp\/v2\/media\/530"}],"wp:attachment":[{"href":"http:\/\/zs.wolczyn.pl\/sp\/wp-json\/wp\/v2\/media?parent=5470"}],"wp:term":[{"taxonomy":"category","embeddable":true,"href":"http:\/\/zs.wolczyn.pl\/sp\/wp-json\/wp\/v2\/categories?post=5470"},{"taxonomy":"post_tag","embeddable":true,"href":"http:\/\/zs.wolczyn.pl\/sp\/wp-json\/wp\/v2\/tags?post=5470"}],"curies":[{"name":"wp","href":"https:\/\/api.w.org\/{rel}","templated":true}]}}