{"id":5505,"date":"2022-02-18T11:00:01","date_gmt":"2022-02-18T11:00:01","guid":{"rendered":"http:\/\/zs.wolczyn.pl\/sp\/?p=5505"},"modified":"2024-05-06T11:37:39","modified_gmt":"2024-05-06T11:37:39","slug":"rozstrzygniecie-konkursu-na-najpiekniejsza-budowle-z-klockow","status":"publish","type":"post","link":"http:\/\/zs.wolczyn.pl\/sp\/rozstrzygniecie-konkursu-na-najpiekniejsza-budowle-z-klockow\/","title":{"rendered":"Rozstrzygni\u0119cie konkursu na najpi\u0119kniejsz\u0105 budowle z klock\u00f3w"},"content":{"rendered":"<p>Poni\u017cej przedstawiamy wyniki konkursu \u015bwietlicy szkolnej na najpi\u0119kniejsz\u0105 budowle z klock\u00f3w:<\/p>\n<ol>\n<li>miejsce: Wojciech Napieraj 4b<\/li>\n<li>miejsce: Kasjan Bednarz 4b<\/li>\n<li>miejsce: Piotr Czeka\u0142a 2b<\/li>\n<\/ol>\n<p>Wyr\u00f3\u017cnienia otrzymuj\u0105:<\/p>\n<p>Julia Bednarz 3a<\/p>\n<p>Kamil Sikora 1a<\/p>\n<p>Magda Rajmer 2a<\/p>\n<p>Micha\u0142 Augustowicz 2b<\/p>\n<p>Oskar Zagaja 2c<\/p>\n<p>Szymon Malinowski 3a<\/p>\n<p>Wszystkim uczestnikom dzi\u0119kujemy za udzia\u0142 w konkursie i wykonanie pi\u0119knych prac, do kt\u00f3rych obejrzenia zapraszamy serdecznie.<\/p>\n<p>[ngg src=&#8221;galleries&#8221; ids=&#8221;82&#8243; display=&#8221;basic_slideshow&#8221; arrows=&#8221;1&#8243;]<\/p>\n","protected":false},"excerpt":{"rendered":"<p>Poni\u017cej przedstawiamy wyniki konkursu \u015bwietlicy szkolnej na najpi\u0119kniejsz\u0105 budowle z klock\u00f3w: miejsce: Wojciech Napieraj 4b miejsce: Kasjan Bednarz 4b miejsce: Piotr Czeka\u0142a 2b Wyr\u00f3\u017cnienia otrzymuj\u0105: Julia Bednarz 3a Kamil Sikora <a href=\"http:\/\/zs.wolczyn.pl\/sp\/rozstrzygniecie-konkursu-na-najpiekniejsza-budowle-z-klockow\/\" class=\"read-more\">Czytaj dalej &#8230;<\/a><\/p>\n","protected":false},"author":1,"featured_media":5548,"comment_status":"closed","ping_status":"open","sticky":false,"template":"","format":"standard","meta":{"footnotes":""},"categories":[34,3],"tags":[],"class_list":["post-5505","post","type-post","status-publish","format-standard","has-post-thumbnail","hentry","category-na-akt","category-events"],"_links":{"self":[{"href":"http:\/\/zs.wolczyn.pl\/sp\/wp-json\/wp\/v2\/posts\/5505","targetHints":{"allow":["GET"]}}],"collection":[{"href":"http:\/\/zs.wolczyn.pl\/sp\/wp-json\/wp\/v2\/posts"}],"about":[{"href":"http:\/\/zs.wolczyn.pl\/sp\/wp-json\/wp\/v2\/types\/post"}],"author":[{"embeddable":true,"href":"http:\/\/zs.wolczyn.pl\/sp\/wp-json\/wp\/v2\/users\/1"}],"replies":[{"embeddable":true,"href":"http:\/\/zs.wolczyn.pl\/sp\/wp-json\/wp\/v2\/comments?post=5505"}],"version-history":[{"count":0,"href":"http:\/\/zs.wolczyn.pl\/sp\/wp-json\/wp\/v2\/posts\/5505\/revisions"}],"wp:featuredmedia":[{"embeddable":true,"href":"http:\/\/zs.wolczyn.pl\/sp\/wp-json\/wp\/v2\/media\/5548"}],"wp:attachment":[{"href":"http:\/\/zs.wolczyn.pl\/sp\/wp-json\/wp\/v2\/media?parent=5505"}],"wp:term":[{"taxonomy":"category","embeddable":true,"href":"http:\/\/zs.wolczyn.pl\/sp\/wp-json\/wp\/v2\/categories?post=5505"},{"taxonomy":"post_tag","embeddable":true,"href":"http:\/\/zs.wolczyn.pl\/sp\/wp-json\/wp\/v2\/tags?post=5505"}],"curies":[{"name":"wp","href":"https:\/\/api.w.org\/{rel}","templated":true}]}}