{"id":5553,"date":"2022-02-18T19:55:17","date_gmt":"2022-02-18T19:55:17","guid":{"rendered":"http:\/\/zs.wolczyn.pl\/sp\/?p=5553"},"modified":"2022-02-18T19:55:18","modified_gmt":"2022-02-18T19:55:18","slug":"jezykowy-zawrot-glowy","status":"publish","type":"post","link":"http:\/\/zs.wolczyn.pl\/sp\/jezykowy-zawrot-glowy\/","title":{"rendered":"J\u0119zykowy zawr\u00f3t g\u0142owy"},"content":{"rendered":"<p>21 lutego obchodzony jest Mi\u0119dzynarodowy Dzie\u0144 J\u0119zyka Ojczystego. Ma on na celu podnoszenie \u015bwiadomo\u015bci j\u0119zykowej i wytworzenie w Polakach poczucia odpowiedzialno\u015bci za polszczyzn\u0119. Pami\u0119tajmy, \u017ce j\u0119zyk ojczysty to co\u015b wi\u0119cej ni\u017c tylko mo\u017cliwo\u015b\u0107 wyra\u017cania swoich my\u015bli, to r\u00f3wnie\u017c skarbnica naszej kultury i do\u015bwiadcze\u0144. Czy znasz porwane formy gramatyczne? Czy zdajesz sobie spraw\u0119, \u017ce <em>nie cofamy si\u0119 do ty\u0142u?<\/em> Je\u017celi obejrzysz t\u0119 prezentacj\u0119, pleonazmy nie b\u0119d\u0105 Ci obce.<\/p>\n<p>[ngg src=&#8221;galleries&#8221; ids=&#8221;83&#8243; display=&#8221;basic_slideshow&#8221; arrows=&#8221;1&#8243;]<\/p>\n","protected":false},"excerpt":{"rendered":"<p>21 lutego obchodzony jest Mi\u0119dzynarodowy Dzie\u0144 J\u0119zyka Ojczystego. Ma on na celu podnoszenie \u015bwiadomo\u015bci j\u0119zykowej i wytworzenie w Polakach poczucia odpowiedzialno\u015bci za polszczyzn\u0119. Pami\u0119tajmy, \u017ce j\u0119zyk ojczysty to co\u015b wi\u0119cej <a href=\"http:\/\/zs.wolczyn.pl\/sp\/jezykowy-zawrot-glowy\/\" class=\"read-more\">Czytaj dalej &#8230;<\/a><\/p>\n","protected":false},"author":1,"featured_media":5567,"comment_status":"closed","ping_status":"open","sticky":false,"template":"","format":"standard","meta":{"footnotes":""},"categories":[3],"tags":[],"class_list":["post-5553","post","type-post","status-publish","format-standard","has-post-thumbnail","hentry","category-events"],"_links":{"self":[{"href":"http:\/\/zs.wolczyn.pl\/sp\/wp-json\/wp\/v2\/posts\/5553","targetHints":{"allow":["GET"]}}],"collection":[{"href":"http:\/\/zs.wolczyn.pl\/sp\/wp-json\/wp\/v2\/posts"}],"about":[{"href":"http:\/\/zs.wolczyn.pl\/sp\/wp-json\/wp\/v2\/types\/post"}],"author":[{"embeddable":true,"href":"http:\/\/zs.wolczyn.pl\/sp\/wp-json\/wp\/v2\/users\/1"}],"replies":[{"embeddable":true,"href":"http:\/\/zs.wolczyn.pl\/sp\/wp-json\/wp\/v2\/comments?post=5553"}],"version-history":[{"count":0,"href":"http:\/\/zs.wolczyn.pl\/sp\/wp-json\/wp\/v2\/posts\/5553\/revisions"}],"wp:featuredmedia":[{"embeddable":true,"href":"http:\/\/zs.wolczyn.pl\/sp\/wp-json\/wp\/v2\/media\/5567"}],"wp:attachment":[{"href":"http:\/\/zs.wolczyn.pl\/sp\/wp-json\/wp\/v2\/media?parent=5553"}],"wp:term":[{"taxonomy":"category","embeddable":true,"href":"http:\/\/zs.wolczyn.pl\/sp\/wp-json\/wp\/v2\/categories?post=5553"},{"taxonomy":"post_tag","embeddable":true,"href":"http:\/\/zs.wolczyn.pl\/sp\/wp-json\/wp\/v2\/tags?post=5553"}],"curies":[{"name":"wp","href":"https:\/\/api.w.org\/{rel}","templated":true}]}}