{"id":5590,"date":"2022-03-01T11:25:55","date_gmt":"2022-03-01T11:25:55","guid":{"rendered":"http:\/\/zs.wolczyn.pl\/sp\/?p=5590"},"modified":"2022-03-01T11:27:07","modified_gmt":"2022-03-01T11:27:07","slug":"narodowy-dzien-pamieci-zolnierzy-wykletych","status":"publish","type":"post","link":"http:\/\/zs.wolczyn.pl\/sp\/narodowy-dzien-pamieci-zolnierzy-wykletych\/","title":{"rendered":"Narodowy Dzie\u0144 Pami\u0119ci \u201e\u017bo\u0142nierzy Wykl\u0119tych\u201d"},"content":{"rendered":"<p>&nbsp;&nbsp;&nbsp;&nbsp;&nbsp;&nbsp;&nbsp;&nbsp;&nbsp; W dniu dzisiejszym obchodzimy Narodowy Dzie\u0144 Pami\u0119ci \u201e\u017bo\u0142nierzy Wykl\u0119tych\u201d \u2013 polskie \u015bwi\u0119to pa\u0144stwowe obchodzone corocznie 1 marca, po\u015bwi\u0119cone upami\u0119tnieniu \u017co\u0142nierzy antykomunistycznego i niepodleg\u0142o\u015bciowego podziemia.<!--more--><\/p>\n<p>&#8222;Narodowy Dzie\u0144 Pami\u0119ci \u017bo\u0142nierzy Wykl\u0119tych ma by\u0107 wyrazem ho\u0142du dla \u017co\u0142nierzy drugiej konspiracji za \u015bwiadectwo m\u0119stwa, niez\u0142omnej postawy patriotycznej i przywi\u0105zania do tradycji niepodleg\u0142o\u015bciowych, za krew przelan\u0105 w obronie ojczyzny\u201d<\/p>\n<p>Narodowy Dzie\u0144 Pami\u0119ci \u201e\u017bo\u0142nierzy Wykl\u0119tych\u201d przypada na 1 marca. Tego dnia w 1951 r. w wi\u0119zieniu na warszawskim Mokotowie, po pokazowym procesie, zostali rozstrzelani przyw\u00f3dcy IV Zarz\u0105du G\u0142\u00f3wnego Zrzeszenia \u201eWolno\u015b\u0107 i Niezawis\u0142o\u015b\u0107\u201d<\/p>\n<p>O co walczyli \u017co\u0142nierze wykl\u0119ci?<\/p>\n<p>Byli to \u017co\u0142nierze podziemia niepodleg\u0142o\u015bciowego, wywodz\u0105cy si\u0119 z Armii Krajowej i Narodowych Si\u0142 Zbrojnych, kt\u00f3rzy od roku 1944 walczyli z wojskami sowieckimi i komunistycznym aparatem terroru o niepodleg\u0142\u0105 Polsk\u0119, wierni z\u0142o\u017conej przysi\u0119dze. W wojnie obronnej przeciw Niemcom i Sowietom. Wielu przyst\u0105pi\u0142o do struktur konspiracyjnych w czasie okupacji niemieckiej. Wtedy sk\u0142adali przysi\u0119g\u0119 na wierno\u015b\u0107 Rzeczpospolitej, a warto\u015bci \u201eB\u00f3g, Honor, Ojczyzna\u201d Niez\u0142omnie bronili do ko\u0144ca.<\/p>\n","protected":false},"excerpt":{"rendered":"<p>&nbsp;&nbsp;&nbsp;&nbsp;&nbsp;&nbsp;&nbsp;&nbsp;&nbsp; W dniu dzisiejszym obchodzimy Narodowy Dzie\u0144 Pami\u0119ci \u201e\u017bo\u0142nierzy Wykl\u0119tych\u201d \u2013 polskie \u015bwi\u0119to pa\u0144stwowe obchodzone corocznie 1 marca, po\u015bwi\u0119cone upami\u0119tnieniu \u017co\u0142nierzy antykomunistycznego i niepodleg\u0142o\u015bciowego podziemia.<\/p>\n","protected":false},"author":1,"featured_media":5591,"comment_status":"closed","ping_status":"open","sticky":false,"template":"","format":"standard","meta":{"footnotes":""},"categories":[3],"tags":[],"class_list":["post-5590","post","type-post","status-publish","format-standard","has-post-thumbnail","hentry","category-events"],"_links":{"self":[{"href":"http:\/\/zs.wolczyn.pl\/sp\/wp-json\/wp\/v2\/posts\/5590","targetHints":{"allow":["GET"]}}],"collection":[{"href":"http:\/\/zs.wolczyn.pl\/sp\/wp-json\/wp\/v2\/posts"}],"about":[{"href":"http:\/\/zs.wolczyn.pl\/sp\/wp-json\/wp\/v2\/types\/post"}],"author":[{"embeddable":true,"href":"http:\/\/zs.wolczyn.pl\/sp\/wp-json\/wp\/v2\/users\/1"}],"replies":[{"embeddable":true,"href":"http:\/\/zs.wolczyn.pl\/sp\/wp-json\/wp\/v2\/comments?post=5590"}],"version-history":[{"count":0,"href":"http:\/\/zs.wolczyn.pl\/sp\/wp-json\/wp\/v2\/posts\/5590\/revisions"}],"wp:featuredmedia":[{"embeddable":true,"href":"http:\/\/zs.wolczyn.pl\/sp\/wp-json\/wp\/v2\/media\/5591"}],"wp:attachment":[{"href":"http:\/\/zs.wolczyn.pl\/sp\/wp-json\/wp\/v2\/media?parent=5590"}],"wp:term":[{"taxonomy":"category","embeddable":true,"href":"http:\/\/zs.wolczyn.pl\/sp\/wp-json\/wp\/v2\/categories?post=5590"},{"taxonomy":"post_tag","embeddable":true,"href":"http:\/\/zs.wolczyn.pl\/sp\/wp-json\/wp\/v2\/tags?post=5590"}],"curies":[{"name":"wp","href":"https:\/\/api.w.org\/{rel}","templated":true}]}}