{"id":5596,"date":"2022-03-01T13:31:12","date_gmt":"2022-03-01T13:31:12","guid":{"rendered":"http:\/\/zs.wolczyn.pl\/sp\/?p=5596"},"modified":"2022-03-01T13:39:32","modified_gmt":"2022-03-01T13:39:32","slug":"aby-jezyk-gietki-powiedzial","status":"publish","type":"post","link":"http:\/\/zs.wolczyn.pl\/sp\/aby-jezyk-gietki-powiedzial\/","title":{"rendered":"Aby j\u0119zyk gi\u0119tki powiedzia\u0142&#8230;"},"content":{"rendered":"<p>&nbsp;&nbsp;&nbsp;&nbsp;&nbsp;&nbsp;&nbsp;&nbsp;&nbsp; W ramach obchod\u00f3w Mi\u0119dzynarodowego Dnia J\u0119zyka Ojczystego zrealizowali\u015bmy w naszej szkole projekt po has\u0142em: <em>J\u0119zykowy zawr\u00f3t g\u0142owy. <\/em>Zadania do wykonania by\u0142y podzielone na trzy kategorie wiekowe.<!--more--><\/p>\n<p>&nbsp;&nbsp;&nbsp;&nbsp;&nbsp;&nbsp;&nbsp;&nbsp;&nbsp; Uczniowie klas IV i V stworzyli przepi\u0119kne j\u0119zykowe graffiti. Wyrazy musia\u0142y w sobie zawiera\u0107 typowo polskie znaki (np. \u0105, \u0119, \u015b, \u0107, cz, d\u017a, itp.). Wielu z nas jest wzrokowcami, dlatego \u0142atwiej nam zapami\u0119ta\u0107 to, co zobaczymy, a nie us\u0142yszymy.<\/p>\n<p>[ngg src=&#8221;galleries&#8221; ids=&#8221;84&#8243; display=&#8221;basic_slideshow&#8221; arrows=&#8221;1&#8243;]&nbsp;&nbsp;&nbsp;&nbsp;&nbsp;&nbsp;&nbsp;&nbsp;&nbsp; Klasy VI i VII zmierzy\u0142y si\u0119 z j\u0119zykowymi \u0142ama\u0144cami. Trudne do wym\u00f3wienia frazy, a czasem nawet ca\u0142e historyjki to doskona\u0142e \u0107wiczenie dykcji. To r\u00f3wnie\u017c spos\u00f3b na \u015bwietn\u0105 zabaw\u0119. Zapraszamy do wys\u0142uchania najciekawszych, naszym zdaniem, interpretacji gimnastyki j\u0119zykowej w wykonaniu si\u00f3dmoklasist\u00f3w jak r\u00f3wnie\u017c spontanicznie nagrywanych i nie zawsze udanych pr\u00f3b poradzenia sobie z tym zadaniem.<\/p>\n<p><iframe loading=\"lazy\" title=\"\u0142ama\u0144ce j\u0119zykowe\" width=\"847\" height=\"476\" src=\"https:\/\/www.youtube.com\/embed\/GFaT2SwDITc?feature=oembed\" frameborder=\"0\" allow=\"accelerometer; autoplay; clipboard-write; encrypted-media; gyroscope; picture-in-picture; web-share\" referrerpolicy=\"strict-origin-when-cross-origin\" allowfullscreen><\/iframe><\/p>\n<p>&nbsp;&nbsp;&nbsp;&nbsp;&nbsp;&nbsp;&nbsp;&nbsp;&nbsp; Natomiast a\u017c 157 uczni\u00f3w z klas \u00f3smych i licealnych wzi\u0119\u0142o udzia\u0142 w konkursie online. Sk\u0142ada\u0142 si\u0119 on z 30 pyta\u0144 i dotyczy\u0142 zawi\u0142o\u015bci naszej ojczystej mowy. Poni\u017cej wyniki konkursu oraz zdj\u0119cia najlepszych \u00f3smoklasist\u00f3w.<\/p>\n<p>LICEUM: I miejsce &#8211; Kirsch Luiza, II miejsce &#8211; Krakowiak Maja, III miejsce &#8211; Sypko Anna<\/p>\n<p>KLASY VIII: I miejsce &#8211; \u015apiewak Bartosz, II miejsce &#8211; Miku\u015b Wojciech, III miejsce &#8211; Siry Paulina<\/p>\n<p>Gratulujemy i \u017cyczymy dalszych sukces\u00f3w.<\/p>\n<p>&nbsp;<\/p>\n<p><img loading=\"lazy\" decoding=\"async\" class=\"alignleft wp-image-5614\" src=\"http:\/\/zs.wolczyn.pl\/sp\/wp-content\/uploads\/2022\/03\/02_IMG_20220224_124735.jpg\" alt=\"\" width=\"320\" height=\"427\" srcset=\"http:\/\/zs.wolczyn.pl\/sp\/wp-content\/uploads\/2022\/03\/02_IMG_20220224_124735.jpg 768w, http:\/\/zs.wolczyn.pl\/sp\/wp-content\/uploads\/2022\/03\/02_IMG_20220224_124735-225x300.jpg 225w, http:\/\/zs.wolczyn.pl\/sp\/wp-content\/uploads\/2022\/03\/02_IMG_20220224_124735-300x400.jpg 300w\" sizes=\"auto, (max-width: 320px) 100vw, 320px\" \/><\/p>\n<p><img loading=\"lazy\" decoding=\"async\" class=\"alignleft wp-image-5615\" src=\"http:\/\/zs.wolczyn.pl\/sp\/wp-content\/uploads\/2022\/03\/03_IMG_20220224_071936.jpg\" alt=\"\" width=\"320\" height=\"427\" srcset=\"http:\/\/zs.wolczyn.pl\/sp\/wp-content\/uploads\/2022\/03\/03_IMG_20220224_071936.jpg 768w, http:\/\/zs.wolczyn.pl\/sp\/wp-content\/uploads\/2022\/03\/03_IMG_20220224_071936-225x300.jpg 225w, http:\/\/zs.wolczyn.pl\/sp\/wp-content\/uploads\/2022\/03\/03_IMG_20220224_071936-300x400.jpg 300w\" sizes=\"auto, (max-width: 320px) 100vw, 320px\" \/><\/p>\n","protected":false},"excerpt":{"rendered":"<p>&nbsp;&nbsp;&nbsp;&nbsp;&nbsp;&nbsp;&nbsp;&nbsp;&nbsp; W ramach obchod\u00f3w Mi\u0119dzynarodowego Dnia J\u0119zyka Ojczystego zrealizowali\u015bmy w naszej szkole projekt po has\u0142em: J\u0119zykowy zawr\u00f3t g\u0142owy. Zadania do wykonania by\u0142y podzielone na trzy kategorie wiekowe.<\/p>\n","protected":false},"author":1,"featured_media":5621,"comment_status":"closed","ping_status":"open","sticky":false,"template":"","format":"standard","meta":{"footnotes":""},"categories":[3],"tags":[],"class_list":["post-5596","post","type-post","status-publish","format-standard","has-post-thumbnail","hentry","category-events"],"_links":{"self":[{"href":"http:\/\/zs.wolczyn.pl\/sp\/wp-json\/wp\/v2\/posts\/5596","targetHints":{"allow":["GET"]}}],"collection":[{"href":"http:\/\/zs.wolczyn.pl\/sp\/wp-json\/wp\/v2\/posts"}],"about":[{"href":"http:\/\/zs.wolczyn.pl\/sp\/wp-json\/wp\/v2\/types\/post"}],"author":[{"embeddable":true,"href":"http:\/\/zs.wolczyn.pl\/sp\/wp-json\/wp\/v2\/users\/1"}],"replies":[{"embeddable":true,"href":"http:\/\/zs.wolczyn.pl\/sp\/wp-json\/wp\/v2\/comments?post=5596"}],"version-history":[{"count":0,"href":"http:\/\/zs.wolczyn.pl\/sp\/wp-json\/wp\/v2\/posts\/5596\/revisions"}],"wp:featuredmedia":[{"embeddable":true,"href":"http:\/\/zs.wolczyn.pl\/sp\/wp-json\/wp\/v2\/media\/5621"}],"wp:attachment":[{"href":"http:\/\/zs.wolczyn.pl\/sp\/wp-json\/wp\/v2\/media?parent=5596"}],"wp:term":[{"taxonomy":"category","embeddable":true,"href":"http:\/\/zs.wolczyn.pl\/sp\/wp-json\/wp\/v2\/categories?post=5596"},{"taxonomy":"post_tag","embeddable":true,"href":"http:\/\/zs.wolczyn.pl\/sp\/wp-json\/wp\/v2\/tags?post=5596"}],"curies":[{"name":"wp","href":"https:\/\/api.w.org\/{rel}","templated":true}]}}