{"id":5714,"date":"2022-03-11T06:57:55","date_gmt":"2022-03-11T06:57:55","guid":{"rendered":"http:\/\/zs.wolczyn.pl\/sp\/?p=5714"},"modified":"2022-03-11T06:57:56","modified_gmt":"2022-03-11T06:57:56","slug":"wyroznienia-przyznane-i-rozdane","status":"publish","type":"post","link":"http:\/\/zs.wolczyn.pl\/sp\/wyroznienia-przyznane-i-rozdane\/","title":{"rendered":"Wyr\u00f3\u017cnienia przyznane i rozdane"},"content":{"rendered":"<p>10 marca klasa 4b i 4c uczestniczy\u0142y w apelu informacyjnym, podczas kt\u00f3rego podsumowano prac\u0119 w I p\u00f3\u0142roczu. Zostali wyr\u00f3\u017cnieni uczniowie ze \u015bredni\u0105 ocen 4.75 i powy\u017cej, ze wzorow\u0105 frekwencj\u0105 i 300 punktami dodatnimi, ale bez punkt\u00f3w ujemnych. Gratulujemy sukces\u00f3w i \u017cyczymy powodzenia w II p\u00f3\u0142roczu.&nbsp;<\/p>\n<p>[ngg src=&#8221;galleries&#8221; ids=&#8221;89&#8243; display=&#8221;basic_thumbnail&#8221; thumbnail_crop=&#8221;0&#8243; number_of_columns=&#8221;3&#8243;]<\/p>\n","protected":false},"excerpt":{"rendered":"<p>10 marca klasa 4b i 4c uczestniczy\u0142y w apelu informacyjnym, podczas kt\u00f3rego podsumowano prac\u0119 w I p\u00f3\u0142roczu. Zostali wyr\u00f3\u017cnieni uczniowie ze \u015bredni\u0105 ocen 4.75 i powy\u017cej, ze wzorow\u0105 frekwencj\u0105 i <a href=\"http:\/\/zs.wolczyn.pl\/sp\/wyroznienia-przyznane-i-rozdane\/\" class=\"read-more\">Czytaj dalej &#8230;<\/a><\/p>\n","protected":false},"author":1,"featured_media":5722,"comment_status":"closed","ping_status":"open","sticky":false,"template":"","format":"standard","meta":{"footnotes":""},"categories":[3],"tags":[],"class_list":["post-5714","post","type-post","status-publish","format-standard","has-post-thumbnail","hentry","category-events"],"_links":{"self":[{"href":"http:\/\/zs.wolczyn.pl\/sp\/wp-json\/wp\/v2\/posts\/5714","targetHints":{"allow":["GET"]}}],"collection":[{"href":"http:\/\/zs.wolczyn.pl\/sp\/wp-json\/wp\/v2\/posts"}],"about":[{"href":"http:\/\/zs.wolczyn.pl\/sp\/wp-json\/wp\/v2\/types\/post"}],"author":[{"embeddable":true,"href":"http:\/\/zs.wolczyn.pl\/sp\/wp-json\/wp\/v2\/users\/1"}],"replies":[{"embeddable":true,"href":"http:\/\/zs.wolczyn.pl\/sp\/wp-json\/wp\/v2\/comments?post=5714"}],"version-history":[{"count":0,"href":"http:\/\/zs.wolczyn.pl\/sp\/wp-json\/wp\/v2\/posts\/5714\/revisions"}],"wp:featuredmedia":[{"embeddable":true,"href":"http:\/\/zs.wolczyn.pl\/sp\/wp-json\/wp\/v2\/media\/5722"}],"wp:attachment":[{"href":"http:\/\/zs.wolczyn.pl\/sp\/wp-json\/wp\/v2\/media?parent=5714"}],"wp:term":[{"taxonomy":"category","embeddable":true,"href":"http:\/\/zs.wolczyn.pl\/sp\/wp-json\/wp\/v2\/categories?post=5714"},{"taxonomy":"post_tag","embeddable":true,"href":"http:\/\/zs.wolczyn.pl\/sp\/wp-json\/wp\/v2\/tags?post=5714"}],"curies":[{"name":"wp","href":"https:\/\/api.w.org\/{rel}","templated":true}]}}