{"id":5724,"date":"2022-02-28T07:07:57","date_gmt":"2022-02-28T07:07:57","guid":{"rendered":"http:\/\/zs.wolczyn.pl\/sp\/?p=5724"},"modified":"2022-03-11T07:08:46","modified_gmt":"2022-03-11T07:08:46","slug":"ciekawa-lekcja-jezyka-polskiego","status":"publish","type":"post","link":"http:\/\/zs.wolczyn.pl\/sp\/ciekawa-lekcja-jezyka-polskiego\/","title":{"rendered":"Ciekawa lekcja j\u0119zyka polskiego"},"content":{"rendered":"<p><img loading=\"lazy\" decoding=\"async\" class=\" wp-image-5725 alignleft\" src=\"http:\/\/zs.wolczyn.pl\/sp\/wp-content\/uploads\/2022\/03\/OD-RYCERZA-DO-SARMATY-1-150x150.jpg\" alt=\"\" width=\"300\" height=\"300\" srcset=\"http:\/\/zs.wolczyn.pl\/sp\/wp-content\/uploads\/2022\/03\/OD-RYCERZA-DO-SARMATY-1-150x150.jpg 150w, http:\/\/zs.wolczyn.pl\/sp\/wp-content\/uploads\/2022\/03\/OD-RYCERZA-DO-SARMATY-1-300x300.jpg 300w\" sizes=\"auto, (max-width: 300px) 100vw, 300px\" \/><\/p>\n<p>&nbsp;&nbsp;&nbsp;&nbsp;&nbsp;&nbsp;&nbsp;&nbsp;&nbsp; 21 lutego w do\u015b\u0107 nietypowej formie uczniowie klasy 7a na j\u0119zyku polskim odwiedzili Muzeum Narodowe w Warszawie. Ciekaw\u0105 lekcj\u0119 &#8222;Od rycerza do sarmaty&#8221; poprowadzi\u0142a Pani Magdalena Chludzi\u0144ska. Dowiedzieli\u015bmy si\u0119 podczas niej nieco o ubiorze szlachty: mi\u0119dzy innymi czym by\u0142 kontusz, \u017cupan i pas kontuszowy. Poznali\u015bmy te\u017c pewne powiedzenia, jakich u\u017cywa\u0142o si\u0119 w tamtych czasach, a przetrwa\u0142y do&nbsp; dzi\u015b. By\u0142y to mi\u0119dzy innymi ,,stan\u0105\u0107 na \u015blubnym kobiercu\u201d, ,,na szarym ko\u0144cu\u201d, ,,postaw si\u0119, a zastaw si\u0119\u201d, ,,szlachta na zagrodzie, r\u00f3wna wojewodzie\u201d. Lekcja bardzo nas zainteresowa\u0142a i wiele nauczy\u0142a. Dowiedzieli\u015bmy si\u0119, jak si\u0119 wtedy \u017cy\u0142o i mo\u017ce kiedy\u015b zobaczymy wszystkie eksponaty na \u017cywo w muzeum.<\/p>\n<p>&nbsp;<\/p>\n\n\n<p><\/p>\n","protected":false},"excerpt":{"rendered":"<p>&nbsp;&nbsp;&nbsp;&nbsp;&nbsp;&nbsp;&nbsp;&nbsp;&nbsp; 21 lutego w do\u015b\u0107 nietypowej formie uczniowie klasy 7a na j\u0119zyku polskim odwiedzili Muzeum Narodowe w Warszawie. Ciekaw\u0105 lekcj\u0119 &#8222;Od rycerza do sarmaty&#8221; poprowadzi\u0142a Pani Magdalena Chludzi\u0144ska. Dowiedzieli\u015bmy si\u0119 <a href=\"http:\/\/zs.wolczyn.pl\/sp\/ciekawa-lekcja-jezyka-polskiego\/\" class=\"read-more\">Czytaj dalej &#8230;<\/a><\/p>\n","protected":false},"author":1,"featured_media":5726,"comment_status":"closed","ping_status":"open","sticky":false,"template":"","format":"standard","meta":{"footnotes":""},"categories":[3],"tags":[],"class_list":["post-5724","post","type-post","status-publish","format-standard","has-post-thumbnail","hentry","category-events"],"_links":{"self":[{"href":"http:\/\/zs.wolczyn.pl\/sp\/wp-json\/wp\/v2\/posts\/5724","targetHints":{"allow":["GET"]}}],"collection":[{"href":"http:\/\/zs.wolczyn.pl\/sp\/wp-json\/wp\/v2\/posts"}],"about":[{"href":"http:\/\/zs.wolczyn.pl\/sp\/wp-json\/wp\/v2\/types\/post"}],"author":[{"embeddable":true,"href":"http:\/\/zs.wolczyn.pl\/sp\/wp-json\/wp\/v2\/users\/1"}],"replies":[{"embeddable":true,"href":"http:\/\/zs.wolczyn.pl\/sp\/wp-json\/wp\/v2\/comments?post=5724"}],"version-history":[{"count":0,"href":"http:\/\/zs.wolczyn.pl\/sp\/wp-json\/wp\/v2\/posts\/5724\/revisions"}],"wp:featuredmedia":[{"embeddable":true,"href":"http:\/\/zs.wolczyn.pl\/sp\/wp-json\/wp\/v2\/media\/5726"}],"wp:attachment":[{"href":"http:\/\/zs.wolczyn.pl\/sp\/wp-json\/wp\/v2\/media?parent=5724"}],"wp:term":[{"taxonomy":"category","embeddable":true,"href":"http:\/\/zs.wolczyn.pl\/sp\/wp-json\/wp\/v2\/categories?post=5724"},{"taxonomy":"post_tag","embeddable":true,"href":"http:\/\/zs.wolczyn.pl\/sp\/wp-json\/wp\/v2\/tags?post=5724"}],"curies":[{"name":"wp","href":"https:\/\/api.w.org\/{rel}","templated":true}]}}