{"id":5736,"date":"2022-03-15T06:31:13","date_gmt":"2022-03-15T06:31:13","guid":{"rendered":"http:\/\/zs.wolczyn.pl\/sp\/?p=5736"},"modified":"2022-03-15T06:31:44","modified_gmt":"2022-03-15T06:31:44","slug":"konkurs-na-najpiekniejsza-maske-karnawalowa-rozstrzygniety","status":"publish","type":"post","link":"http:\/\/zs.wolczyn.pl\/sp\/konkurs-na-najpiekniejsza-maske-karnawalowa-rozstrzygniety\/","title":{"rendered":"Konkurs na ,,Najpi\u0119kniejsz\u0105 mask\u0119 karnawa\u0142ow\u0105\u2018\u2019 \u2013 rozstrzygni\u0119ty!"},"content":{"rendered":"<p>&nbsp;&nbsp;&nbsp;&nbsp;&nbsp;&nbsp;&nbsp;&nbsp;&nbsp; Tu\u017c po feriach zebra\u0142o si\u0119 jury pod przewodnictwem Ma\u0142gorzaty Jendrysiak \u2013 nauczyciela plastyki i wybra\u0142o najpi\u0119kniejsze maski karnawa\u0142owe. Konkurs, og\u0142oszony przez SU SP, cieszy\u0142 si\u0119 du\u017cym zainteresowaniem, zw\u0142aszcza w\u015br\u00f3d uczni\u00f3w klas m\u0142odszych. <!--more-->To oni wykonali przewa\u017caj\u0105c\u0105 cz\u0119\u015b\u0107 masek. Na konkurs dostarczono ich ponad trzydzie\u015bci. 01 marca zwyci\u0119zcy zostali obdarowani dyplomami i s\u0142odyczami. W\u015br\u00f3d nich znale\u017ali si\u0119:<\/p>\n<p>&#8211; St\u0119\u017ca\u0142y Zuzanna klasa VIII d,<\/p>\n<p>&#8211; Ostenda Kalina klasa IV c,<\/p>\n<p>&#8211; Bednarz Kasjan klasa IV b,<\/p>\n<p>&#8211; Duda Dominika klasa IV a,<\/p>\n<p>&#8211; Bednarz Julia klasa III a,<\/p>\n<p>&#8211; Norymberczyk Kacper klasa I c,<\/p>\n<p>&#8211; S\u0142owi\u0144ska Maja klasa I a.<\/p>\n<p>Wyr\u00f3\u017cnienia otrzymali:<\/p>\n<p>&#8211; Sadlak Natalia klasa III a,<\/p>\n<p>&#8211; Cierkosz Liliana klasa I c.<\/p>\n<p>Szcz\u0119\u015bliwcy odebrali nagrody z r\u0105k pani wicedyrektor Ewy Rogo\u017cy w kategorii klas m\u0142odszych i pani wicedyrektor Alicji D\u0105browskiej \u2013 Kelniarz w kategorii klas starszych.<\/p>\n<p>&nbsp;<\/p>\n<p>Samorz\u0105d Uczniowski dzi\u0119kuje wszystkim uczestnikom za zaanga\u017cowanie i&nbsp;udzia\u0142 w konkursie.<\/p>\n<p>[ngg src=&#8221;galleries&#8221; ids=&#8221;90&#8243; display=&#8221;basic_thumbnail&#8221; override_thumbnail_settings=&#8221;1&#8243; thumbnail_height=&#8221;320&#8243; thumbnail_crop=&#8221;0&#8243; number_of_columns=&#8221;2&#8243;]&nbsp;<\/p>\n<p style=\"text-align: right;\">&nbsp;&nbsp;&nbsp;&nbsp;&nbsp;&nbsp;&nbsp;&nbsp;&nbsp;&nbsp;&nbsp;&nbsp;&nbsp;&nbsp;&nbsp;&nbsp;&nbsp;&nbsp;&nbsp;&nbsp;&nbsp;&nbsp;&nbsp;&nbsp;&nbsp;&nbsp;&nbsp;&nbsp;&nbsp;&nbsp;&nbsp;&nbsp;&nbsp;&nbsp;&nbsp;&nbsp;&nbsp;&nbsp;&nbsp;&nbsp;&nbsp;&nbsp;&nbsp; Opiekunowie SU SP<\/p>\n","protected":false},"excerpt":{"rendered":"<p>&nbsp;&nbsp;&nbsp;&nbsp;&nbsp;&nbsp;&nbsp;&nbsp;&nbsp; Tu\u017c po feriach zebra\u0142o si\u0119 jury pod przewodnictwem Ma\u0142gorzaty Jendrysiak \u2013 nauczyciela plastyki i wybra\u0142o najpi\u0119kniejsze maski karnawa\u0142owe. Konkurs, og\u0142oszony przez SU SP, cieszy\u0142 si\u0119 du\u017cym zainteresowaniem, zw\u0142aszcza w\u015br\u00f3d <a href=\"http:\/\/zs.wolczyn.pl\/sp\/konkurs-na-najpiekniejsza-maske-karnawalowa-rozstrzygniety\/\" class=\"read-more\">Czytaj dalej &#8230;<\/a><\/p>\n","protected":false},"author":1,"featured_media":5748,"comment_status":"closed","ping_status":"open","sticky":false,"template":"","format":"standard","meta":{"footnotes":""},"categories":[3],"tags":[],"class_list":["post-5736","post","type-post","status-publish","format-standard","has-post-thumbnail","hentry","category-events"],"_links":{"self":[{"href":"http:\/\/zs.wolczyn.pl\/sp\/wp-json\/wp\/v2\/posts\/5736","targetHints":{"allow":["GET"]}}],"collection":[{"href":"http:\/\/zs.wolczyn.pl\/sp\/wp-json\/wp\/v2\/posts"}],"about":[{"href":"http:\/\/zs.wolczyn.pl\/sp\/wp-json\/wp\/v2\/types\/post"}],"author":[{"embeddable":true,"href":"http:\/\/zs.wolczyn.pl\/sp\/wp-json\/wp\/v2\/users\/1"}],"replies":[{"embeddable":true,"href":"http:\/\/zs.wolczyn.pl\/sp\/wp-json\/wp\/v2\/comments?post=5736"}],"version-history":[{"count":0,"href":"http:\/\/zs.wolczyn.pl\/sp\/wp-json\/wp\/v2\/posts\/5736\/revisions"}],"wp:featuredmedia":[{"embeddable":true,"href":"http:\/\/zs.wolczyn.pl\/sp\/wp-json\/wp\/v2\/media\/5748"}],"wp:attachment":[{"href":"http:\/\/zs.wolczyn.pl\/sp\/wp-json\/wp\/v2\/media?parent=5736"}],"wp:term":[{"taxonomy":"category","embeddable":true,"href":"http:\/\/zs.wolczyn.pl\/sp\/wp-json\/wp\/v2\/categories?post=5736"},{"taxonomy":"post_tag","embeddable":true,"href":"http:\/\/zs.wolczyn.pl\/sp\/wp-json\/wp\/v2\/tags?post=5736"}],"curies":[{"name":"wp","href":"https:\/\/api.w.org\/{rel}","templated":true}]}}