{"id":5750,"date":"2022-03-15T07:39:43","date_gmt":"2022-03-15T07:39:43","guid":{"rendered":"http:\/\/zs.wolczyn.pl\/sp\/?p=5750"},"modified":"2022-03-15T07:39:44","modified_gmt":"2022-03-15T07:39:44","slug":"edukacja-przyrodniczo-lesna","status":"publish","type":"post","link":"http:\/\/zs.wolczyn.pl\/sp\/edukacja-przyrodniczo-lesna\/","title":{"rendered":"Edukacja przyrodniczo-le\u015bna"},"content":{"rendered":"<p>&nbsp;&nbsp;&nbsp;&nbsp;&nbsp;&nbsp;&nbsp;&nbsp;&nbsp; W celu rozwijania postawy odpowiedzialno\u015bci za \u015brodowisko naturalne, 14 marca 2022 r. uczniowie klas czwartych i si\u00f3dmych, brali udzia\u0142 w zaj\u0119ciach z edukacji przyrodniczo-le\u015bnej.<br \/>\nPani Ma\u0142gorzata Lizuraj &#8211; specjalista S\u0142u\u017cby Le\u015bnej z Nadle\u015bnictwa Namys\u0142\u00f3w, przedstawi\u0142a racjonalne gospodarowanie zasobami przyrody oraz om\u00f3wi\u0142a formy ochrony przyrody w najbli\u017cszej okolicy.<br \/>\nUczniowie otrzymali publikacje &#8222;Lasy Pa\u0144stwowe &#8211; Nadle\u015bnictwo Namys\u0142\u00f3w&#8221;, przydatne ka\u017cdemu, kto chce pog\u0142\u0119bi\u0107 swoja wiedz\u0119 przyrodnicz\u0105.<\/p>\n<p>[ngg src=&#8221;galleries&#8221; ids=&#8221;91&#8243; display=&#8221;basic_slideshow&#8221; arrows=&#8221;1&#8243;]<\/p>\n","protected":false},"excerpt":{"rendered":"<p>&nbsp;&nbsp;&nbsp;&nbsp;&nbsp;&nbsp;&nbsp;&nbsp;&nbsp; W celu rozwijania postawy odpowiedzialno\u015bci za \u015brodowisko naturalne, 14 marca 2022 r. uczniowie klas czwartych i si\u00f3dmych, brali udzia\u0142 w zaj\u0119ciach z edukacji przyrodniczo-le\u015bnej. Pani Ma\u0142gorzata Lizuraj &#8211; specjalista <a href=\"http:\/\/zs.wolczyn.pl\/sp\/edukacja-przyrodniczo-lesna\/\" class=\"read-more\">Czytaj dalej &#8230;<\/a><\/p>\n","protected":false},"author":1,"featured_media":5759,"comment_status":"closed","ping_status":"open","sticky":false,"template":"","format":"standard","meta":{"footnotes":""},"categories":[3],"tags":[],"class_list":["post-5750","post","type-post","status-publish","format-standard","has-post-thumbnail","hentry","category-events"],"_links":{"self":[{"href":"http:\/\/zs.wolczyn.pl\/sp\/wp-json\/wp\/v2\/posts\/5750","targetHints":{"allow":["GET"]}}],"collection":[{"href":"http:\/\/zs.wolczyn.pl\/sp\/wp-json\/wp\/v2\/posts"}],"about":[{"href":"http:\/\/zs.wolczyn.pl\/sp\/wp-json\/wp\/v2\/types\/post"}],"author":[{"embeddable":true,"href":"http:\/\/zs.wolczyn.pl\/sp\/wp-json\/wp\/v2\/users\/1"}],"replies":[{"embeddable":true,"href":"http:\/\/zs.wolczyn.pl\/sp\/wp-json\/wp\/v2\/comments?post=5750"}],"version-history":[{"count":0,"href":"http:\/\/zs.wolczyn.pl\/sp\/wp-json\/wp\/v2\/posts\/5750\/revisions"}],"wp:featuredmedia":[{"embeddable":true,"href":"http:\/\/zs.wolczyn.pl\/sp\/wp-json\/wp\/v2\/media\/5759"}],"wp:attachment":[{"href":"http:\/\/zs.wolczyn.pl\/sp\/wp-json\/wp\/v2\/media?parent=5750"}],"wp:term":[{"taxonomy":"category","embeddable":true,"href":"http:\/\/zs.wolczyn.pl\/sp\/wp-json\/wp\/v2\/categories?post=5750"},{"taxonomy":"post_tag","embeddable":true,"href":"http:\/\/zs.wolczyn.pl\/sp\/wp-json\/wp\/v2\/tags?post=5750"}],"curies":[{"name":"wp","href":"https:\/\/api.w.org\/{rel}","templated":true}]}}