{"id":5934,"date":"2022-04-14T06:39:11","date_gmt":"2022-04-14T06:39:11","guid":{"rendered":"http:\/\/zs.wolczyn.pl\/sp\/?p=5934"},"modified":"2022-04-14T08:10:27","modified_gmt":"2022-04-14T08:10:27","slug":"wiosna-w-zespole-szkol-w-wolczynie","status":"publish","type":"post","link":"http:\/\/zs.wolczyn.pl\/sp\/wiosna-w-zespole-szkol-w-wolczynie\/","title":{"rendered":"Wiosna w Zespole Szk\u00f3\u0142 w Wo\u0142czynie"},"content":{"rendered":"<p>Pierwszy Dzie\u0144 Wiosny jest jednym z najrado\u015bniejszych dni w roku. W Zespole Szk\u00f3\u0142 by\u0142 on bardzo kolorowy. Samorz\u0105d Uczniowski dwa tygodnie wcze\u015bniej og\u0142osi\u0142 konkurs na ,,Wiosenne nakrycie g\u0142owy\u201d i tego dnia dokonano wyboru&nbsp; najlepszych.<!--more--> Uczniom naszej szko\u0142y pomys\u0142 ten przypad\u0142 do gustu i stan\u0119li na wysoko\u015bci zadania,&nbsp; u\u015bwietniaj\u0105c ten dzie\u0144 wyj\u0105tkowymi przebraniami. Szko\u0142a zamieni\u0142a si\u0119&nbsp; w wielkie kolorowe, wiosenne nakrycie g\u0142owy. Jury w osobach pani Justyny Broniszewskiej \u2013 Bator i pana Krzysztofa Mozgawy mia\u0142o du\u017cy problem z wybraniem tych najpi\u0119kniejszych. Po burzliwych obradach wy\u0142oniono zwyci\u0119zc\u00f3w.<\/p>\n<p><strong>Kategoria klas I \u2013 III<\/strong><\/p>\n<p>I miejsce &#8211; Antkowiak Maja klasa III a<\/p>\n<p>II miejsce &#8211; Chrzanowska Lena I c<\/p>\n<p>III miejsce- Oliwia Ja\u0144ska I b<\/p>\n<p><strong>Kategoria klas IV \u2013 VI<\/strong><\/p>\n<p>I miejsce &#8211; Opala Amelia IV b<\/p>\n<p>II miejsce&nbsp; &#8211; Lema\u0144ski Tomasz V c<\/p>\n<p>III miejsce- St\u0119pie\u0144 Julia V b<\/p>\n<p><strong>Kategoria klas VII \u2013 VIII<\/strong><\/p>\n<p>I miejsce \u2013 St\u0119\u017ca\u0142y Julia VIII d<\/p>\n<p>II miejsce \u2013 Oziemb\u0142owska Wiktoria<\/p>\n<p>[ngg src=&#8221;galleries&#8221; ids=&#8221;97&#8243; display=&#8221;basic_thumbnail&#8221; thumbnail_crop=&#8221;0&#8243; number_of_columns=&#8221;4&#8243;]Ale to nie koniec. Klasy I-III urz\u0105dzi\u0142y barwny korow\u00f3d przep\u0119dzaj\u0105cy zim\u0119, zako\u0144czony symbolicznym spaleniem Marzanny. Uczniowie powr\u00f3cili do szko\u0142y z barwnymi gaikami i ukwieconymi ga\u0142\u0105zkami symbolizuj\u0105cymi nadej\u015bcie wiosny.<\/p>\n<p>Jeszcze jedna akcja SU przypad\u0142a uczniom do gustu, mianowicie \u2013 Dzie\u0144 bez plecaka. W tym dniu nie przynoszono podr\u0119cznik\u00f3w w plecakach tylko we wszystkim innym. By\u0142y worki, kuchenki mikrofalowe, w\u00f3zki i tym podobne sprz\u0119ty.<\/p>\n<p>Samorz\u0105d Uczniowski dzi\u0119kuje wszystkim, kt\u00f3rzy w\u0142\u0105czyli si\u0119 do zabawy i gratuluje zwyci\u0119zcom konkursu.<\/p>\n<p>[ngg src=&#8221;galleries&#8221; ids=&#8221;98&#8243; display=&#8221;basic_slideshow&#8221;]<\/p>\n","protected":false},"excerpt":{"rendered":"<p>Pierwszy Dzie\u0144 Wiosny jest jednym z najrado\u015bniejszych dni w roku. W Zespole Szk\u00f3\u0142 by\u0142 on bardzo kolorowy. Samorz\u0105d Uczniowski dwa tygodnie wcze\u015bniej og\u0142osi\u0142 konkurs na ,,Wiosenne nakrycie g\u0142owy\u201d i tego <a href=\"http:\/\/zs.wolczyn.pl\/sp\/wiosna-w-zespole-szkol-w-wolczynie\/\" class=\"read-more\">Czytaj dalej &#8230;<\/a><\/p>\n","protected":false},"author":1,"featured_media":5984,"comment_status":"closed","ping_status":"open","sticky":false,"template":"","format":"standard","meta":{"footnotes":""},"categories":[3],"tags":[],"class_list":["post-5934","post","type-post","status-publish","format-standard","has-post-thumbnail","hentry","category-events"],"_links":{"self":[{"href":"http:\/\/zs.wolczyn.pl\/sp\/wp-json\/wp\/v2\/posts\/5934","targetHints":{"allow":["GET"]}}],"collection":[{"href":"http:\/\/zs.wolczyn.pl\/sp\/wp-json\/wp\/v2\/posts"}],"about":[{"href":"http:\/\/zs.wolczyn.pl\/sp\/wp-json\/wp\/v2\/types\/post"}],"author":[{"embeddable":true,"href":"http:\/\/zs.wolczyn.pl\/sp\/wp-json\/wp\/v2\/users\/1"}],"replies":[{"embeddable":true,"href":"http:\/\/zs.wolczyn.pl\/sp\/wp-json\/wp\/v2\/comments?post=5934"}],"version-history":[{"count":0,"href":"http:\/\/zs.wolczyn.pl\/sp\/wp-json\/wp\/v2\/posts\/5934\/revisions"}],"wp:featuredmedia":[{"embeddable":true,"href":"http:\/\/zs.wolczyn.pl\/sp\/wp-json\/wp\/v2\/media\/5984"}],"wp:attachment":[{"href":"http:\/\/zs.wolczyn.pl\/sp\/wp-json\/wp\/v2\/media?parent=5934"}],"wp:term":[{"taxonomy":"category","embeddable":true,"href":"http:\/\/zs.wolczyn.pl\/sp\/wp-json\/wp\/v2\/categories?post=5934"},{"taxonomy":"post_tag","embeddable":true,"href":"http:\/\/zs.wolczyn.pl\/sp\/wp-json\/wp\/v2\/tags?post=5934"}],"curies":[{"name":"wp","href":"https:\/\/api.w.org\/{rel}","templated":true}]}}