{"id":6003,"date":"2022-05-04T11:02:15","date_gmt":"2022-05-04T11:02:15","guid":{"rendered":"http:\/\/zs.wolczyn.pl\/sp\/?p=6003"},"modified":"2022-05-04T11:03:08","modified_gmt":"2022-05-04T11:03:08","slug":"xiii-gminny-konkurs-wiedzy-religijnej-kardynal-stefan-wyszynski-prymas-tysiaclecia-rozstrzygniety","status":"publish","type":"post","link":"http:\/\/zs.wolczyn.pl\/sp\/xiii-gminny-konkurs-wiedzy-religijnej-kardynal-stefan-wyszynski-prymas-tysiaclecia-rozstrzygniety\/","title":{"rendered":"XIII Gminny Konkurs Wiedzy Religijnej: \u201eKardyna\u0142 Stefan Wyszy\u0144ski &#8211; Prymas Tysi\u0105clecia\u201d rozstrzygni\u0119ty."},"content":{"rendered":"<p>&nbsp;&nbsp;&nbsp;&nbsp;&nbsp;&nbsp;&nbsp;&nbsp;&nbsp; Dnia 26 kwietnia 2022 roku odby\u0142a si\u0119 XIII edycja Gminnego Konkursu Wiedzy Religijnej, pod has\u0142em \u201eKardyna\u0142 Stefan Wyszy\u0144ski &#8211; Prymas Tysi\u0105clecia\u201d.<!--more--><\/p>\n<p>Celem wspomnianego konkursu jest przybli\u017canie uczniom sylwetek \u015bwi\u0119tych, pokazanie im postaw godnych na\u015bladowania a tak\u017ce kszta\u0142towanie warto\u015bci chrze\u015bcija\u0144skich. Wskazanie, \u017ce \u015bwi\u0119to\u015b\u0107, jako nasze zadanie, jest mo\u017cliwa i domaga si\u0119 naszej realizacji w codzienno\u015bci!<\/p>\n<p>\u201eTaki ma\u0142y, taki du\u017cy \u2013 mo\u017ce \u015bwi\u0119tym by\u0107\u2026\u201d \u2013 to s\u0142owa jednej z religijnych piosenek, kt\u00f3r\u0105 bardzo dobrze znamy. Utw\u00f3r, kt\u00f3ry nosi ze sob\u0105 dobr\u0105 nowin\u0119! \u015awi\u0119to\u015b\u0107 jest dla ka\u017cdego. Ka\u017cdy z nas jest wezwany przez Boga, by do\u015bwiadcza\u0107 Jego blisko\u015bci w swoim \u017cyciu \u2013 by by\u0107 przyjacielem Boga.&nbsp;<\/p>\n<p>W poprzednich konkursach r\u00f3\u017cni \u015bwi\u0119ci nam patronowali: i m\u0142odsi i starsi, i ci o wi\u0119kszych gabarytach i ci szczuplejsi, ale ka\u017cdy kochaj\u0105cy Boga i bli\u017anich:&nbsp;&nbsp;<\/p>\n<ol>\n<li>\u015awi\u0119ty Franciszek (2009 rok)<\/li>\n<li>\u015awi\u0119ty Jan Maria Vianney (2010 rok)<\/li>\n<li>\u015awi\u0119ta El\u017cbieta (2011 rok)<\/li>\n<li>\u015awi\u0119ty o. Pio (2012 rok)<\/li>\n<li>\u015awi\u0119ta Teresa od Dzieci\u0105tka Jezus (2013 r.)<\/li>\n<li>\u015awi\u0119ty Stanis\u0142aw Kostka (2014 rok)<\/li>\n<li>B\u0142ogos\u0142awiona Maria Merkert (2015 rok)<\/li>\n<li>\u015awi\u0119ta Faustyna Kowalska (2016 rok)<\/li>\n<li>\u015awi\u0119ty Brat Albert Chmielowski (2017 rok)<\/li>\n<li>\u015awi\u0119ty Jan Bosko (2018 rok)<\/li>\n<li>\u015awi\u0119ty Maksymilian Maria Kolbe (2019 rok)<\/li>\n<li>\u015awi\u0119ty Jan Pawe\u0142 II (2021 rok).<\/li>\n<\/ol>\n<p>A obecnie &#8211; kardyna\u0142 Stefan Wyszy\u0144ski, og\u0142oszony b\u0142ogos\u0142awionym w tamtym roku.&nbsp;<\/p>\n<p>Kardyna\u0142&nbsp; Wyszy\u0144ski \u017cy\u0142 w bardzo trudnych czasach historii naszej Ojczyzny \u2013 w czasach re\u017cimu komunistycznego. Za realizowanie swojego powo\u0142ania kap\u0142a\u0144skiego, za swoj\u0105 wierno\u015b\u0107 chrze\u015bcija\u0144skim warto\u015bciom by\u0142 prze\u015bladowany. Jak sam wielokrotnie wskazywa\u0142 tylko odkrywanie blisko\u015bci Boga i opieka Matki Bo\u017cej, pozwoli\u0142a mu przetrwa\u0107 najgorsze momenty \u017cycia.&nbsp; &nbsp;<\/p>\n<p>&nbsp;&nbsp;&nbsp;&nbsp;&nbsp;&nbsp;&nbsp;&nbsp;&nbsp;&nbsp;&nbsp; Przyby\u0142ych go\u015bci &#8211; dru\u017cyny i opiekun\u00f3w powita\u0142a Pani Dyrektor Ewa W\u0142os, kt\u00f3ra nast\u0119pnie \u017cyczy\u0142a wszystkim uczestnikom sukces\u00f3w w konkursie.<\/p>\n<p>W tym roku udzia\u0142&nbsp; wzi\u0119\u0142y dru\u017cyny z trzech szk\u00f3\u0142 podstawowych naszej gminy.<\/p>\n<p>Po zako\u0144czonych&nbsp; zmaganiach, spo\u015br\u00f3d uczestnik\u00f3w jury w sk\u0142adzie: przewodnicz\u0105cy ks. dyr.&nbsp; Wydzia\u0142u Katechetycznego w Kaliszu Jaros\u0142aw Pow\u0105ska, cz\u0142onkowie: br. Rafa\u0142 Ta\u0144ski Proboszcz Parafii NPNMP w Wo\u0142czynie i Wiceburmistrz Wo\u0142czyna Bogus\u0142aw Adaszy\u0144ski, wy\u0142oni\u0142o zwyci\u0119zc\u00f3w:<\/p>\n<p>I miejsce Szko\u0142a Podstawowa w Szymonkowie<\/p>\n<p>II miejsce Szko\u0142a Podstawowa w Komorznie<\/p>\n<p>III miejsce Szko\u0142a Podstawowa im. Jana Paw\u0142a II w Wo\u0142czynie.&nbsp;<\/p>\n<p>&nbsp;<\/p>\n<p>Wszyscy uczestnicy zostali nagrodzeni nagrodami ufundowanymi przez:<\/p>\n<p>Bank Sp\u00f3\u0142dzielczy w Wo\u0142czynie, Lesaffre Polska S.A. i przez proboszcza parafii wo\u0142czy\u0144skiej &#8211; brata Rafa\u0142a Ta\u0144skiego.<\/p>\n<p>&nbsp;<\/p>\n<p>&nbsp;&nbsp;&nbsp;&nbsp;&nbsp;&nbsp;&nbsp;&nbsp;&nbsp;&nbsp;&nbsp; \u201eTaki ma\u0142y, taki du\u017cy \u2013 mo\u017ce \u015bwi\u0119tym by\u0107\u2026\u201d Niech s\u0142owa tej piosenki przy\u015bwiecaj\u0105 i nam w realizowaniu naszego powo\u0142ania do \u015bwi\u0119to\u015bci.<\/p>\n<p>Gratulujemy wszystkim uczestnikom konkursu i ich opiekunom. Wyra\u017camy nasze uznanie i dzi\u0119kujemy za wasze starania w dziele wychowania m\u0142odego pokolenia-naszego pokolenia. Bardzo serdecznie dzi\u0119kujemy wszystkim go\u015bciom. Mamy nadziej\u0119, \u017ce za rok ponownie si\u0119 spotkamy.<\/p>\n<p>[ngg src=&#8221;galleries&#8221; ids=&#8221;99&#8243; display=&#8221;basic_thumbnail&#8221; thumbnail_crop=&#8221;0&#8243; number_of_columns=&#8221;4&#8243;]<\/p>\n","protected":false},"excerpt":{"rendered":"<p>&nbsp;&nbsp;&nbsp;&nbsp;&nbsp;&nbsp;&nbsp;&nbsp;&nbsp; Dnia 26 kwietnia 2022 roku odby\u0142a si\u0119 XIII edycja Gminnego Konkursu Wiedzy Religijnej, pod has\u0142em \u201eKardyna\u0142 Stefan Wyszy\u0144ski &#8211; Prymas Tysi\u0105clecia\u201d.<\/p>\n","protected":false},"author":1,"featured_media":6031,"comment_status":"closed","ping_status":"open","sticky":false,"template":"","format":"standard","meta":{"footnotes":""},"categories":[3],"tags":[],"class_list":["post-6003","post","type-post","status-publish","format-standard","has-post-thumbnail","hentry","category-events"],"_links":{"self":[{"href":"http:\/\/zs.wolczyn.pl\/sp\/wp-json\/wp\/v2\/posts\/6003","targetHints":{"allow":["GET"]}}],"collection":[{"href":"http:\/\/zs.wolczyn.pl\/sp\/wp-json\/wp\/v2\/posts"}],"about":[{"href":"http:\/\/zs.wolczyn.pl\/sp\/wp-json\/wp\/v2\/types\/post"}],"author":[{"embeddable":true,"href":"http:\/\/zs.wolczyn.pl\/sp\/wp-json\/wp\/v2\/users\/1"}],"replies":[{"embeddable":true,"href":"http:\/\/zs.wolczyn.pl\/sp\/wp-json\/wp\/v2\/comments?post=6003"}],"version-history":[{"count":0,"href":"http:\/\/zs.wolczyn.pl\/sp\/wp-json\/wp\/v2\/posts\/6003\/revisions"}],"wp:featuredmedia":[{"embeddable":true,"href":"http:\/\/zs.wolczyn.pl\/sp\/wp-json\/wp\/v2\/media\/6031"}],"wp:attachment":[{"href":"http:\/\/zs.wolczyn.pl\/sp\/wp-json\/wp\/v2\/media?parent=6003"}],"wp:term":[{"taxonomy":"category","embeddable":true,"href":"http:\/\/zs.wolczyn.pl\/sp\/wp-json\/wp\/v2\/categories?post=6003"},{"taxonomy":"post_tag","embeddable":true,"href":"http:\/\/zs.wolczyn.pl\/sp\/wp-json\/wp\/v2\/tags?post=6003"}],"curies":[{"name":"wp","href":"https:\/\/api.w.org\/{rel}","templated":true}]}}