{"id":6035,"date":"2022-05-06T06:15:06","date_gmt":"2022-05-06T06:15:06","guid":{"rendered":"http:\/\/zs.wolczyn.pl\/sp\/?p=6035"},"modified":"2022-05-13T11:09:14","modified_gmt":"2022-05-13T11:09:14","slug":"wiwat-sejm-narod-i-wszystkie-stany","status":"publish","type":"post","link":"http:\/\/zs.wolczyn.pl\/sp\/wiwat-sejm-narod-i-wszystkie-stany\/","title":{"rendered":"Wiwat Sejm, Nar\u00f3d i wszystkie stany!"},"content":{"rendered":"<p>&nbsp;&nbsp;&nbsp;&nbsp;&nbsp;&nbsp;&nbsp;&nbsp;&nbsp; Tymi s\u0142owami rozpocz\u0105\u0142 si\u0119 w naszej szkole monta\u017c s\u0142owno \u2013 muzyczny upami\u0119tniaj\u0105cy obchody 231 rocznicy Uchwalenia Konstytucji 3 maja. Konstytucja by\u0142a pierwsz\u0105 w Europie i drug\u0105 na \u015bwiecie spisan\u0105 ustaw\u0105 zasadnicz\u0105, kt\u00f3ra sta\u0142a si\u0119 dokumentem tworz\u0105cym to\u017csamo\u015b\u0107 suwerennego narodu. Przepojona szczerym patriotyzmem i wol\u0105 ratowania upadaj\u0105cej Rzeczypospolitej ustawa z 3 maja 1791 r. regulowa\u0142a podstawowe prawa i obowi\u0105zki og\u00f3\u0142u mieszka\u0144c\u00f3w kraju oraz zasady organizacji w\u0142adzy pa\u0144stwowej.<\/p>\n<p>&nbsp;&nbsp;&nbsp;&nbsp;&nbsp;&nbsp;&nbsp;&nbsp; Akademi\u0119 przygotowa\u0142a&nbsp; m\u0142odzie\u017c z klasy si\u00f3dmej, \u00f3smej oraz liceum. Ta innowacyjna&nbsp; lekcja historii pokaza\u0142a nam, by\u015bmy docenili trud walki, cen\u0119 poniesionych ofiar oraz wyci\u0105gn\u0119li w\u0142a\u015bciw\u0105 nauk\u0119 i nie&nbsp; pope\u0142niali wi\u0119cej podobnych b\u0142\u0119d\u00f3w.<\/p>\n<p>[ngg src=&#8221;galleries&#8221; ids=&#8221;100&#8243; display=&#8221;basic_slideshow&#8221; arrows=&#8221;1&#8243; show_thumbnail_link=&#8221;1&#8243; thumbnail_link_text=&#8221;Zobacz wszystkie&#8221;]<\/p>\n","protected":false},"excerpt":{"rendered":"<p>&nbsp;&nbsp;&nbsp;&nbsp;&nbsp;&nbsp;&nbsp;&nbsp;&nbsp; Tymi s\u0142owami rozpocz\u0105\u0142 si\u0119 w naszej szkole monta\u017c s\u0142owno \u2013 muzyczny upami\u0119tniaj\u0105cy obchody 231 rocznicy Uchwalenia Konstytucji 3 maja. Konstytucja by\u0142a pierwsz\u0105 w Europie i drug\u0105 na \u015bwiecie spisan\u0105 <a href=\"http:\/\/zs.wolczyn.pl\/sp\/wiwat-sejm-narod-i-wszystkie-stany\/\" class=\"read-more\">Czytaj dalej &#8230;<\/a><\/p>\n","protected":false},"author":1,"featured_media":6102,"comment_status":"closed","ping_status":"open","sticky":false,"template":"","format":"standard","meta":{"footnotes":""},"categories":[3],"tags":[],"class_list":["post-6035","post","type-post","status-publish","format-standard","has-post-thumbnail","hentry","category-events"],"_links":{"self":[{"href":"http:\/\/zs.wolczyn.pl\/sp\/wp-json\/wp\/v2\/posts\/6035","targetHints":{"allow":["GET"]}}],"collection":[{"href":"http:\/\/zs.wolczyn.pl\/sp\/wp-json\/wp\/v2\/posts"}],"about":[{"href":"http:\/\/zs.wolczyn.pl\/sp\/wp-json\/wp\/v2\/types\/post"}],"author":[{"embeddable":true,"href":"http:\/\/zs.wolczyn.pl\/sp\/wp-json\/wp\/v2\/users\/1"}],"replies":[{"embeddable":true,"href":"http:\/\/zs.wolczyn.pl\/sp\/wp-json\/wp\/v2\/comments?post=6035"}],"version-history":[{"count":0,"href":"http:\/\/zs.wolczyn.pl\/sp\/wp-json\/wp\/v2\/posts\/6035\/revisions"}],"wp:featuredmedia":[{"embeddable":true,"href":"http:\/\/zs.wolczyn.pl\/sp\/wp-json\/wp\/v2\/media\/6102"}],"wp:attachment":[{"href":"http:\/\/zs.wolczyn.pl\/sp\/wp-json\/wp\/v2\/media?parent=6035"}],"wp:term":[{"taxonomy":"category","embeddable":true,"href":"http:\/\/zs.wolczyn.pl\/sp\/wp-json\/wp\/v2\/categories?post=6035"},{"taxonomy":"post_tag","embeddable":true,"href":"http:\/\/zs.wolczyn.pl\/sp\/wp-json\/wp\/v2\/tags?post=6035"}],"curies":[{"name":"wp","href":"https:\/\/api.w.org\/{rel}","templated":true}]}}