{"id":6090,"date":"2022-05-09T08:58:00","date_gmt":"2022-05-09T08:58:00","guid":{"rendered":"http:\/\/zs.wolczyn.pl\/sp\/?p=6090"},"modified":"2022-05-13T11:11:48","modified_gmt":"2022-05-13T11:11:48","slug":"klasa-5c-z-wizyta-w-filharmonii-opolskiej","status":"publish","type":"post","link":"http:\/\/zs.wolczyn.pl\/sp\/klasa-5c-z-wizyta-w-filharmonii-opolskiej\/","title":{"rendered":"Klasa 5c z wizyt\u0105 w Filharmonii Opolskiej"},"content":{"rendered":"<p>29 kwietnia wzi\u0119li\u015bmy udzia\u0142 w otwartej pr\u00f3bie generalnej do wieczornego koncertu pt. &#8222;Los tak chcia\u0142&#8221;. <!--more-->Mieli\u015bmy okazj\u0119 pozna\u0107 tajniki pracy orkiestry symfonicznej. Niesamowite prze\u017cycia! Zach\u0119camy wszystkim do wizyty w tej instytucji kultury.<\/p>\n<p>[ngg src=&#8221;galleries&#8221; ids=&#8221;101&#8243; display=&#8221;basic_thumbnail&#8221; thumbnail_crop=&#8221;0&#8243; number_of_columns=&#8221;3&#8243;]&nbsp;<\/p>\n","protected":false},"excerpt":{"rendered":"<p>29 kwietnia wzi\u0119li\u015bmy udzia\u0142 w otwartej pr\u00f3bie generalnej do wieczornego koncertu pt. &#8222;Los tak chcia\u0142&#8221;.<\/p>\n","protected":false},"author":1,"featured_media":6091,"comment_status":"closed","ping_status":"open","sticky":false,"template":"","format":"standard","meta":{"footnotes":""},"categories":[3],"tags":[],"class_list":["post-6090","post","type-post","status-publish","format-standard","has-post-thumbnail","hentry","category-events"],"_links":{"self":[{"href":"http:\/\/zs.wolczyn.pl\/sp\/wp-json\/wp\/v2\/posts\/6090","targetHints":{"allow":["GET"]}}],"collection":[{"href":"http:\/\/zs.wolczyn.pl\/sp\/wp-json\/wp\/v2\/posts"}],"about":[{"href":"http:\/\/zs.wolczyn.pl\/sp\/wp-json\/wp\/v2\/types\/post"}],"author":[{"embeddable":true,"href":"http:\/\/zs.wolczyn.pl\/sp\/wp-json\/wp\/v2\/users\/1"}],"replies":[{"embeddable":true,"href":"http:\/\/zs.wolczyn.pl\/sp\/wp-json\/wp\/v2\/comments?post=6090"}],"version-history":[{"count":0,"href":"http:\/\/zs.wolczyn.pl\/sp\/wp-json\/wp\/v2\/posts\/6090\/revisions"}],"wp:featuredmedia":[{"embeddable":true,"href":"http:\/\/zs.wolczyn.pl\/sp\/wp-json\/wp\/v2\/media\/6091"}],"wp:attachment":[{"href":"http:\/\/zs.wolczyn.pl\/sp\/wp-json\/wp\/v2\/media?parent=6090"}],"wp:term":[{"taxonomy":"category","embeddable":true,"href":"http:\/\/zs.wolczyn.pl\/sp\/wp-json\/wp\/v2\/categories?post=6090"},{"taxonomy":"post_tag","embeddable":true,"href":"http:\/\/zs.wolczyn.pl\/sp\/wp-json\/wp\/v2\/tags?post=6090"}],"curies":[{"name":"wp","href":"https:\/\/api.w.org\/{rel}","templated":true}]}}