{"id":6103,"date":"2022-05-20T06:53:23","date_gmt":"2022-05-20T06:53:23","guid":{"rendered":"http:\/\/zs.wolczyn.pl\/sp\/?p=6103"},"modified":"2022-05-20T06:53:24","modified_gmt":"2022-05-20T06:53:24","slug":"dzien-otwarty-lo-w-zespole-szkol-w-wolczynie","status":"publish","type":"post","link":"http:\/\/zs.wolczyn.pl\/sp\/dzien-otwarty-lo-w-zespole-szkol-w-wolczynie\/","title":{"rendered":"Dzie\u0144 otwarty LO w Zespole Szk\u00f3\u0142 w Wo\u0142czynie"},"content":{"rendered":"<p>&nbsp;&nbsp; 11 kwietnia w naszej szkole odby\u0142y si\u0119 dni otwarte dla \u00f3smoklasist\u00f3w, kt\u00f3rzy wci\u0105\u017c zastanawiaj\u0105 si\u0119 nad tym, jak\u0105 szko\u0142\u0119 wybra\u0107. Tematem przewodnim tegorocznych dni otwartych, kt\u00f3re w ko\u0144cu mog\u0142y odby\u0107 si\u0119 w szkole, by\u0142y podr\u00f3\u017ce. Nasze m\u0142odsze kole\u017canki i koledzy przenosili si\u0119 w \u201eczasie i przestrzeni\u201d w przeno\u015bni i dos\u0142ownie w r\u00f3\u017cne dziedziny nauki. Na II pi\u0119trze, gdzie znajduj\u0105 si\u0119 sale liceum, czeka\u0142a na nich \u201ebrama czasu\u201d. Przej\u015bcie przez ni\u0105 pozwoli\u0142o naszym go\u015bciom przenie\u015b\u0107 si\u0119 na r\u00f3\u017cne rozszerzenia a w auli czeka\u0142y ciekawe stanowiska.<\/p>\n<p>Na chemii, biologii i fizyce mieli\u015bmy okazj\u0119 zobaczy\u0107 r\u00f3\u017cne interesuj\u0105ce do\u015bwiadczenia, np.: ogl\u0105dnie \u017cywych organizm\u00f3w pod mikroskopami, wykonanie w\u0142asnych preparat\u00f3w oraz przeprowadzanie ciekawych do\u015bwiadcze\u0144, kt\u00f3re przygotowywane by\u0142y w bezpiecznych warunkach. Informatyka uczy\u0142a m\u0142odszych uczni\u00f3w o robotach, ich budowie oraz programie pozwalaj\u0105cym nimi sterowa\u0107. Na angielskim, niemieckim oraz rosyjskim mo\u017cna by\u0142o spr\u00f3bowa\u0107 swoich si\u0142 w r\u00f3\u017cnych zabawach j\u0119zykowych, kt\u00f3re polega\u0142y na zrobieniu w\u0142asnego paszportu, dopasowywaniu odpowiednich s\u0142\u00f3wek po angielsku przydatnych do podr\u00f3\u017cy, zgadywaniu miast po zdj\u0119ciach &nbsp;czy wype\u0142nianiu luk ze s\u0142uchu. Te zabawy pozwoli\u0142y pozna\u0107 nowe miejsca czy nowy j\u0119zyk. Polski pokaza\u0142, \u017ce nie zajmuje si\u0119 jedynie literatur\u0105, ale r\u00f3wnie\u017c sztuk\u0105 \u2013 odegrana zosta\u0142a scenka z fragmentu \u201eDziad\u00f3w\u201d w lekko zmienionej, uwsp\u00f3\u0142cze\u015bnionej wersji. Na historii uczniowie sprawdzali swoj\u0105 wiedz\u0119 w rozr\u00f3\u017cnianiu danych epok i dopasowaniu ich do poszczeg\u00f3lnych postaci historycznych. Kr\u00f3tka lekcja matematyki wygl\u0105da\u0142a nast\u0119puj\u0105co: uczniowie otrzymali kilka prostych \u0142amig\u0142\u00f3wek oraz mieli za zadanie z\u0142o\u017cy\u0107 figury geometryczne z przydzielonych im siatek.<\/p>\n<p>Swoj\u0105 opini\u0105 na temat dni otwartych podzielili si\u0119 z nami \u00f3smoklasi\u015bci, dla kt\u00f3rych to wydarzenie si\u0119 odby\u0142o. Jako ich starsi koledzy mamy nadziej\u0119, \u017ce zdecyduj\u0105 si\u0119 wybra\u0107 w\u0142a\u015bnie nasz\u0105 szko\u0142\u0119.<\/p>\n<p>&#8211; Moim zdaniem, dni otwarte zosta\u0142y dobrze zorganizowane. By\u0142o du\u017co atrakcji. Najbardziej podoba\u0142a mi si\u0119 biologia i wszystkie preparaty, kt\u00f3re mogli\u015bmy sami wykona\u0107 i p\u00f3\u017aniej zbada\u0107 pod mikroskopem. ~uczennica klasy 8c<\/p>\n<p>&#8211; Bardzo mili nauczyciele, zadbane klasy, \u0142adny wystr\u00f3j. ~ucze\u0144 klasy 8c<\/p>\n<p>&#8211; Bardzo podoba\u0142o mi si\u0119 na Dniach Otwartych, szko\u0142a jest super. My\u015bl\u0119, \u017ce ka\u017cdy powinien zobaczy\u0107 to miejsce i uwa\u017cam, \u017ce decyzja jest prosta. ~ucze\u0144 klasy 8b<\/p>\n<p>&#8211; By\u0142o super, najlepszy by\u0142 rozszerzony polski, by\u0142o ciekawie. My\u015bl\u0119, \u017ce p\u00f3jd\u0119 do tej szko\u0142y. ~uczennica klasy 8b<\/p>\n<p>&#8211; Moim zdaniem, by\u0142o fajnie. Dobrze by\u0142o porozmawia\u0107 z osobami, kt\u00f3re do tego liceum ucz\u0119szczaj\u0105 i dowiedzie\u0107 si\u0119, co i jak, chocia\u017c z grubsza my\u015bl\u0119, \u017ce takie dni s\u0105 pomocne dla tych, kt\u00f3rzy zastanawiaj\u0105 si\u0119 nad wyborem szko\u0142y \u015bredniej. ~uczennica klasy 8f&nbsp;<\/p>\n<p>Zapraszamy do obejrzenia fotorelacji z tego dnia:<\/p>\n<p>&nbsp;<\/p>\n<p><iframe loading=\"lazy\" title=\"YouTube video player\" src=\"https:\/\/www.youtube.com\/embed\/cL-Ih1GpqFQ\" allowfullscreen=\"allowfullscreen\" width=\"1024\" height=\"600\" frameborder=\"0\"><\/iframe><\/p>\n","protected":false},"excerpt":{"rendered":"<p>&nbsp;&nbsp; 11 kwietnia w naszej szkole odby\u0142y si\u0119 dni otwarte dla \u00f3smoklasist\u00f3w, kt\u00f3rzy wci\u0105\u017c zastanawiaj\u0105 si\u0119 nad tym, jak\u0105 szko\u0142\u0119 wybra\u0107. Tematem przewodnim tegorocznych dni otwartych, kt\u00f3re w ko\u0144cu mog\u0142y <a href=\"http:\/\/zs.wolczyn.pl\/sp\/dzien-otwarty-lo-w-zespole-szkol-w-wolczynie\/\" class=\"read-more\">Czytaj dalej &#8230;<\/a><\/p>\n","protected":false},"author":1,"featured_media":6104,"comment_status":"closed","ping_status":"open","sticky":false,"template":"","format":"standard","meta":{"footnotes":""},"categories":[3],"tags":[],"class_list":["post-6103","post","type-post","status-publish","format-standard","has-post-thumbnail","hentry","category-events"],"_links":{"self":[{"href":"http:\/\/zs.wolczyn.pl\/sp\/wp-json\/wp\/v2\/posts\/6103","targetHints":{"allow":["GET"]}}],"collection":[{"href":"http:\/\/zs.wolczyn.pl\/sp\/wp-json\/wp\/v2\/posts"}],"about":[{"href":"http:\/\/zs.wolczyn.pl\/sp\/wp-json\/wp\/v2\/types\/post"}],"author":[{"embeddable":true,"href":"http:\/\/zs.wolczyn.pl\/sp\/wp-json\/wp\/v2\/users\/1"}],"replies":[{"embeddable":true,"href":"http:\/\/zs.wolczyn.pl\/sp\/wp-json\/wp\/v2\/comments?post=6103"}],"version-history":[{"count":0,"href":"http:\/\/zs.wolczyn.pl\/sp\/wp-json\/wp\/v2\/posts\/6103\/revisions"}],"wp:featuredmedia":[{"embeddable":true,"href":"http:\/\/zs.wolczyn.pl\/sp\/wp-json\/wp\/v2\/media\/6104"}],"wp:attachment":[{"href":"http:\/\/zs.wolczyn.pl\/sp\/wp-json\/wp\/v2\/media?parent=6103"}],"wp:term":[{"taxonomy":"category","embeddable":true,"href":"http:\/\/zs.wolczyn.pl\/sp\/wp-json\/wp\/v2\/categories?post=6103"},{"taxonomy":"post_tag","embeddable":true,"href":"http:\/\/zs.wolczyn.pl\/sp\/wp-json\/wp\/v2\/tags?post=6103"}],"curies":[{"name":"wp","href":"https:\/\/api.w.org\/{rel}","templated":true}]}}