{"id":6142,"date":"2022-05-26T09:15:22","date_gmt":"2022-05-26T09:15:22","guid":{"rendered":"http:\/\/zs.wolczyn.pl\/sp\/?p=6142"},"modified":"2022-05-26T09:15:23","modified_gmt":"2022-05-26T09:15:23","slug":"dzien-mamy-dzien-taty-dzien-rodziny-klasy-4b","status":"publish","type":"post","link":"http:\/\/zs.wolczyn.pl\/sp\/dzien-mamy-dzien-taty-dzien-rodziny-klasy-4b\/","title":{"rendered":"Dzie\u0144 Mamy, Dzie\u0144 Taty = Dzie\u0144 Rodziny klasy 4b"},"content":{"rendered":"<p>[ngg src=&#8221;galleries&#8221; ids=&#8221;104&#8243; display=&#8221;basic_slideshow&#8221; arrows=&#8221;1&#8243; show_thumbnail_link=&#8221;1&#8243; thumbnail_link_text=&#8221;Poka\u017c wszystkie&#8221;]Taki w\u0142a\u015bnie dzie\u0144 &#8211; Dzie\u0144 Rodziny \u015bwi\u0119towali\u015bmy 24 maja 2022 r. z udzia\u0142em uczni\u00f3w, rodzic\u00f3w i innych cz\u0142onk\u00f3w rodzin. Dopisa\u0142o wszystko &#8211; uczestnicy, dobry humor, si\u0142y do zabawy i pyszne jedzonko.<\/p>\n<p>Sp\u0119dzili\u015bmy wspania\u0142e popo\u0142udnie i to na pewno nie ostatnie.&nbsp;<\/p>\n<p>Dzi\u0119kujemy za pomoc przy organizacji imprezy nauczycielom wych. fizycznego: p. B. Rychel i p. W. Nowakowi.<\/p>\n<p style=\"text-align: right;\">M. Wider z uczniami kl. 4b<\/p>\n","protected":false},"excerpt":{"rendered":"<p>[ngg src=&#8221;galleries&#8221; ids=&#8221;104&#8243; display=&#8221;basic_slideshow&#8221; arrows=&#8221;1&#8243; show_thumbnail_link=&#8221;1&#8243; thumbnail_link_text=&#8221;Poka\u017c wszystkie&#8221;]Taki w\u0142a\u015bnie dzie\u0144 &#8211; Dzie\u0144 Rodziny \u015bwi\u0119towali\u015bmy 24 maja 2022 r. z udzia\u0142em uczni\u00f3w, rodzic\u00f3w i innych cz\u0142onk\u00f3w rodzin. Dopisa\u0142o wszystko &#8211; uczestnicy, <a href=\"http:\/\/zs.wolczyn.pl\/sp\/dzien-mamy-dzien-taty-dzien-rodziny-klasy-4b\/\" class=\"read-more\">Czytaj dalej &#8230;<\/a><\/p>\n","protected":false},"author":1,"featured_media":6159,"comment_status":"closed","ping_status":"open","sticky":false,"template":"","format":"standard","meta":{"footnotes":""},"categories":[3],"tags":[],"class_list":["post-6142","post","type-post","status-publish","format-standard","has-post-thumbnail","hentry","category-events"],"_links":{"self":[{"href":"http:\/\/zs.wolczyn.pl\/sp\/wp-json\/wp\/v2\/posts\/6142","targetHints":{"allow":["GET"]}}],"collection":[{"href":"http:\/\/zs.wolczyn.pl\/sp\/wp-json\/wp\/v2\/posts"}],"about":[{"href":"http:\/\/zs.wolczyn.pl\/sp\/wp-json\/wp\/v2\/types\/post"}],"author":[{"embeddable":true,"href":"http:\/\/zs.wolczyn.pl\/sp\/wp-json\/wp\/v2\/users\/1"}],"replies":[{"embeddable":true,"href":"http:\/\/zs.wolczyn.pl\/sp\/wp-json\/wp\/v2\/comments?post=6142"}],"version-history":[{"count":0,"href":"http:\/\/zs.wolczyn.pl\/sp\/wp-json\/wp\/v2\/posts\/6142\/revisions"}],"wp:featuredmedia":[{"embeddable":true,"href":"http:\/\/zs.wolczyn.pl\/sp\/wp-json\/wp\/v2\/media\/6159"}],"wp:attachment":[{"href":"http:\/\/zs.wolczyn.pl\/sp\/wp-json\/wp\/v2\/media?parent=6142"}],"wp:term":[{"taxonomy":"category","embeddable":true,"href":"http:\/\/zs.wolczyn.pl\/sp\/wp-json\/wp\/v2\/categories?post=6142"},{"taxonomy":"post_tag","embeddable":true,"href":"http:\/\/zs.wolczyn.pl\/sp\/wp-json\/wp\/v2\/tags?post=6142"}],"curies":[{"name":"wp","href":"https:\/\/api.w.org\/{rel}","templated":true}]}}