{"id":6166,"date":"2022-05-26T09:16:21","date_gmt":"2022-05-26T09:16:21","guid":{"rendered":"http:\/\/zs.wolczyn.pl\/sp\/?p=6166"},"modified":"2024-10-15T11:21:19","modified_gmt":"2024-10-15T11:21:19","slug":"xiii-miedzyszkolny-konkurs-papieski-pod-haslem-korzenie-wspolnego-ducha-europy","status":"publish","type":"post","link":"http:\/\/zs.wolczyn.pl\/sp\/xiii-miedzyszkolny-konkurs-papieski-pod-haslem-korzenie-wspolnego-ducha-europy\/","title":{"rendered":"XIII Mi\u0119dzyszkolny Konkurs Papieski pod has\u0142em:  &#8222;Korzenie wsp\u00f3lnego ducha Europy.\u201d"},"content":{"rendered":"<p>W zwi\u0105zku z tak wa\u017cnym dniem, upami\u0119tniaj\u0105cym 102. rocznic\u0119 urodzin Patrona Szko\u0142y Podstawowej im. Jana Paw\u0142a II w Wo\u0142czynie &nbsp;odby\u0142 si\u0119 ju\u017c XIII Mi\u0119dzyszkolny Konkurs Papieski. <!--more-->Wzi\u0119\u0142o w nim udzia\u0142 10 uczestnik\u00f3w &#8211; uczni\u00f3w szk\u00f3\u0142 podstawowych z Domaszowic, Dobrzenia Wielkiego, Praszki i Wo\u0142czyna. Aby zakwalifikowa\u0107 &nbsp;si\u0119 do&nbsp; etapu fina\u0142owego, nale\u017ca\u0142o uzyska\u0107 co najmniej 50% poprawnych odpowiedzi w eliminacjach szkolnych. Test, przygotowany przez brata Krzysztofa Mleczkowskiego, by\u0142 bardzo solidnie opracowany. Zadania nie nale\u017ca\u0142y do naj\u0142atwiejszych \u2013 tak stwierdzi\u0142 jeden z przyby\u0142ych go\u015bci, ksi\u0105dz Tomasz Kanus.<\/p>\n<p>&nbsp;Na wst\u0119pie prowadz\u0105cy: Jaszczak Lena i G\u00f3rka Daniel przywitali przyby\u0142ych go\u015bci, uczestnik\u00f3w oraz cz\u0142onk\u00f3w jury i rozpocz\u0119to rozwi\u0105zywanie zada\u0144 konkursowych. Po up\u0142ywie czasu regulaminowego, uczniowie z\u0142o\u017cyli swe prace komisji, kt\u00f3ra sprawdza\u0142a je pod nadzorem przewodnicz\u0105cego ksi\u0119dza Tomasza Kanusa, a uczestnicy mieli czas na pocz\u0119stunek oraz wys\u0142uchanie koncertu muzycznego w wykonaniu uczni\u00f3w naszej szko\u0142y.<\/p>\n<p>Swoje umiej\u0119tno\u015bci gry na pianinie zaprezentowa\u0142a Maria Culic, a solista Dawid Balicki za\u015bpiewa\u0142 znan\u0105 nam wszystkim oraz bardzo lubian\u0105 przez Jana Paw\u0142a II pie\u015b\u0144 &#8211;<em>Bark\u0119<\/em>. Nast\u0119pnie Pani Anna Nita przedstawia\u0142a prezentacj\u0119&nbsp; multimedialn\u0105 o \u015bwi\u0119tym Janie Pawle II i jego pielgrzymkach do Ojczyzny, przybli\u017caj\u0105c tym samym zebranym sylwetk\u0119 Patrona naszej szko\u0142y &#8211; Jana Paw\u0142a II.<\/p>\n<p>Po zako\u0144czonej prezentacji jury przedstawi\u0142o wyniki konkursu. Nagrody ufundowane przez : Instytut Jana Paw\u0142a II w Warszawie, Parafi\u0119 Rzymsko-Katolick\u0105 w Wo\u0142czynie, Rad\u0119 Rodzic\u00f3w Zespo\u0142u Szk\u00f3\u0142 w Wo\u0142czynie oraz Burmistrza Miasta i Gminy Wo\u0142czyn, laureatom konkursu wr\u0119czy\u0142a pani dyrektor Zespo\u0142u Szk\u00f3\u0142, Ewa W\u0142os wraz z przewodnicz\u0105cym komisji, ksi\u0119dzem Tomaszem Kanusem.<br \/>\nPo raz drugi w historii konkursu wszystkie trzy &nbsp;pierwsze nagrody trafi\u0142y do r\u0105k naszych uczni\u00f3w:<\/p>\n<p>I miejsce zaj\u0105\u0142 Kacper Domaga\u0142a &#8211; kl. 8a,<\/p>\n<p>II miejsce zaj\u0119\u0142a Aleksandra Radzwan &#8211; kl. 8e,<\/p>\n<p>III miejsce zaj\u0119\u0142a Oliwia Stecko &#8211; kl. 7a<\/p>\n<p>Nast\u0119pnie Pani dyrektor wraz z br. Piotrem Podob\u0105 wr\u0119czyli&nbsp; nagrody ksi\u0105\u017ckowe i dyplomy za udzia\u0142 w konkursie towarzysz\u0105cym \u201eMEM o JANIE PAWLE II\u201d. Potem Pani dyrektor &nbsp;wraz z Pani\u0105 Gra\u017cyn\u0105 Mrozek wr\u0119czy\u0142y dyplomy i nagrody ksi\u0105\u017ckowe za udzia\u0142 w konkursie plastycznym w klasach I-III.<\/p>\n<p>Pani Dyrektor Ewa W\u0142os &nbsp;pogratulowa\u0142a zwyci\u0119zcom i pochwali\u0142a wszystkich pozosta\u0142ych za prac\u0119, kt\u00f3r\u0105 w\u0142o\u017cyli w przygotowanie si\u0119 do udzia\u0142u w&nbsp; konkursie.<\/p>\n<p>Wszystkim uczestnikom \u017cyczymy dalszych sukces\u00f3w. Zapraszamy do udzia\u0142u w kolejnej edycji Papieskiego Konkursu Mi\u0119dzyszkolnego, kt\u00f3ry na sta\u0142e wpisa\u0142 si\u0119 w kalendarz imprez naszej szko\u0142y.<\/p>\n<p>[ngg src=&#8221;galleries&#8221; ids=&#8221;105&#8243; display=&#8221;basic_slideshow&#8221; arrows=&#8221;1&#8243; show_thumbnail_link=&#8221;1&#8243; thumbnail_link_text=&#8221;Wy\u015bwietl wszystkie&#8221;]&nbsp;<\/p>\n<p>&nbsp;<\/p>\n<p>&nbsp;<\/p>\n<p>&nbsp;<\/p>\n","protected":false},"excerpt":{"rendered":"<p>W zwi\u0105zku z tak wa\u017cnym dniem, upami\u0119tniaj\u0105cym 102. rocznic\u0119 urodzin Patrona Szko\u0142y Podstawowej im. Jana Paw\u0142a II w Wo\u0142czynie &nbsp;odby\u0142 si\u0119 ju\u017c XIII Mi\u0119dzyszkolny Konkurs Papieski.<\/p>\n","protected":false},"author":1,"featured_media":6213,"comment_status":"closed","ping_status":"open","sticky":false,"template":"","format":"standard","meta":{"footnotes":""},"categories":[36,3],"tags":[],"class_list":["post-6166","post","type-post","status-publish","format-standard","has-post-thumbnail","hentry","category-nasz-patron","category-events"],"_links":{"self":[{"href":"http:\/\/zs.wolczyn.pl\/sp\/wp-json\/wp\/v2\/posts\/6166","targetHints":{"allow":["GET"]}}],"collection":[{"href":"http:\/\/zs.wolczyn.pl\/sp\/wp-json\/wp\/v2\/posts"}],"about":[{"href":"http:\/\/zs.wolczyn.pl\/sp\/wp-json\/wp\/v2\/types\/post"}],"author":[{"embeddable":true,"href":"http:\/\/zs.wolczyn.pl\/sp\/wp-json\/wp\/v2\/users\/1"}],"replies":[{"embeddable":true,"href":"http:\/\/zs.wolczyn.pl\/sp\/wp-json\/wp\/v2\/comments?post=6166"}],"version-history":[{"count":0,"href":"http:\/\/zs.wolczyn.pl\/sp\/wp-json\/wp\/v2\/posts\/6166\/revisions"}],"wp:featuredmedia":[{"embeddable":true,"href":"http:\/\/zs.wolczyn.pl\/sp\/wp-json\/wp\/v2\/media\/6213"}],"wp:attachment":[{"href":"http:\/\/zs.wolczyn.pl\/sp\/wp-json\/wp\/v2\/media?parent=6166"}],"wp:term":[{"taxonomy":"category","embeddable":true,"href":"http:\/\/zs.wolczyn.pl\/sp\/wp-json\/wp\/v2\/categories?post=6166"},{"taxonomy":"post_tag","embeddable":true,"href":"http:\/\/zs.wolczyn.pl\/sp\/wp-json\/wp\/v2\/tags?post=6166"}],"curies":[{"name":"wp","href":"https:\/\/api.w.org\/{rel}","templated":true}]}}