{"id":6218,"date":"2022-06-06T05:51:57","date_gmt":"2022-06-06T05:51:57","guid":{"rendered":"http:\/\/zs.wolczyn.pl\/sp\/?p=6218"},"modified":"2022-06-06T05:51:59","modified_gmt":"2022-06-06T05:51:59","slug":"capitalna-zabawa-wycieczka-klasy-4b","status":"publish","type":"post","link":"http:\/\/zs.wolczyn.pl\/sp\/capitalna-zabawa-wycieczka-klasy-4b\/","title":{"rendered":"Capitalna Zabawa &#8211; wycieczka klasy 4b"},"content":{"rendered":"<p>2 i 3 czerwca 2022r uczniowie kl. 4b wraz z paniami Ewelin\u0105 Baran i Ma\u0142gorzat\u0105 Wider sp\u0119dzili bardzo aktywnie ka\u017cd\u0105 chwil\u0119.&nbsp;<\/p>\n<p>Zwiedzili\u015bmy Jaskini\u0119 Nied\u017awiedzi\u0105 w Kletnie, poskakali\u015bmy w Capitalnej Zabawie w Kudowie Zdr\u00f3j. Mieli\u015bmy tak\u017ce okazj\u0119 pospacerowa\u0107 po parku zdrojowym w tym pi\u0119knym mie\u015bcie, a wieczorem sp\u0119dzili\u015bmy razem czas przy ognisku, za to bez Internetu &nbsp;i telefon\u00f3w z uwagi na brak zasi\u0119gu. Kolejnego dnia pokonali\u015bmy niebieskim szlakiem drog\u0119 do B\u0142\u0119dnych Ska\u0142, gdzie w jego labiryncie mieli\u015bmy \u015bwietn\u0105 zabaw\u0119.&nbsp;<\/p>\n<p>Wszystko posz\u0142o zgodnie z planem, wr\u00f3cili\u015bmy mocno zm\u0119czeni, ale szcz\u0119\u015bliwi, czego dowodz\u0105 nasze pi\u0119kne fotki.<\/p>\n<p>[ngg src=&#8221;galleries&#8221; ids=&#8221;106&#8243; display=&#8221;basic_thumbnail&#8221; thumbnail_crop=&#8221;0&#8243; number_of_columns=&#8221;3&#8243;]<\/p>\n","protected":false},"excerpt":{"rendered":"<p>2 i 3 czerwca 2022r uczniowie kl. 4b wraz z paniami Ewelin\u0105 Baran i Ma\u0142gorzat\u0105 Wider sp\u0119dzili bardzo aktywnie ka\u017cd\u0105 chwil\u0119.&nbsp; Zwiedzili\u015bmy Jaskini\u0119 Nied\u017awiedzi\u0105 w Kletnie, poskakali\u015bmy w Capitalnej Zabawie <a href=\"http:\/\/zs.wolczyn.pl\/sp\/capitalna-zabawa-wycieczka-klasy-4b\/\" class=\"read-more\">Czytaj dalej &#8230;<\/a><\/p>\n","protected":false},"author":1,"featured_media":6236,"comment_status":"closed","ping_status":"open","sticky":false,"template":"","format":"standard","meta":{"footnotes":""},"categories":[3],"tags":[],"class_list":["post-6218","post","type-post","status-publish","format-standard","has-post-thumbnail","hentry","category-events"],"_links":{"self":[{"href":"http:\/\/zs.wolczyn.pl\/sp\/wp-json\/wp\/v2\/posts\/6218","targetHints":{"allow":["GET"]}}],"collection":[{"href":"http:\/\/zs.wolczyn.pl\/sp\/wp-json\/wp\/v2\/posts"}],"about":[{"href":"http:\/\/zs.wolczyn.pl\/sp\/wp-json\/wp\/v2\/types\/post"}],"author":[{"embeddable":true,"href":"http:\/\/zs.wolczyn.pl\/sp\/wp-json\/wp\/v2\/users\/1"}],"replies":[{"embeddable":true,"href":"http:\/\/zs.wolczyn.pl\/sp\/wp-json\/wp\/v2\/comments?post=6218"}],"version-history":[{"count":0,"href":"http:\/\/zs.wolczyn.pl\/sp\/wp-json\/wp\/v2\/posts\/6218\/revisions"}],"wp:featuredmedia":[{"embeddable":true,"href":"http:\/\/zs.wolczyn.pl\/sp\/wp-json\/wp\/v2\/media\/6236"}],"wp:attachment":[{"href":"http:\/\/zs.wolczyn.pl\/sp\/wp-json\/wp\/v2\/media?parent=6218"}],"wp:term":[{"taxonomy":"category","embeddable":true,"href":"http:\/\/zs.wolczyn.pl\/sp\/wp-json\/wp\/v2\/categories?post=6218"},{"taxonomy":"post_tag","embeddable":true,"href":"http:\/\/zs.wolczyn.pl\/sp\/wp-json\/wp\/v2\/tags?post=6218"}],"curies":[{"name":"wp","href":"https:\/\/api.w.org\/{rel}","templated":true}]}}