{"id":6350,"date":"2022-06-24T19:54:03","date_gmt":"2022-06-24T19:54:03","guid":{"rendered":"http:\/\/zs.wolczyn.pl\/sp\/?p=6350"},"modified":"2022-06-24T19:55:07","modified_gmt":"2022-06-24T19:55:07","slug":"zakonczenie-roku-szkolnego-w-swietlicy-szkolnej","status":"publish","type":"post","link":"http:\/\/zs.wolczyn.pl\/sp\/zakonczenie-roku-szkolnego-w-swietlicy-szkolnej\/","title":{"rendered":"Zako\u0144czenie roku szkolnego w \u015bwietlicy szkolnej"},"content":{"rendered":"<p><span style=\"color: #333333;\"><span style=\"font-family: Tahoma, Geneva, sans-serif;\">23 czerwca&nbsp;<\/span><\/span><span style=\"color: #333333;\"><span style=\"font-family: Tahoma, Geneva, sans-serif;\">klasy I-IV \u015bwi\u0119towa\u0142y zako\u0144czenie roku szkolnego w \u015bwietlicy.&nbsp;<\/span><\/span><span style=\"color: #333333;\"><span style=\"font-family: Tahoma, Geneva, sans-serif;\">Wszystkim dzieciom podzi\u0119kowali\u015bmy za prac\u0119&nbsp;<\/span><\/span><span style=\"color: #333333;\"><span style=\"font-family: Tahoma, Geneva, sans-serif;\">oraz<\/span><\/span><span style=\"color: #333333;\"><span style=\"font-family: Tahoma, Geneva, sans-serif;\">&nbsp;zaanga\u017cowanie w \u017cycie \u015bwietlicy szkolnej.&nbsp;<\/span><\/span><!--more--><\/p>\n<p><span style=\"color: #333333;\"><span style=\"font-family: Tahoma, Geneva, sans-serif;\">Uczniowie otrzymali pami\u0105tkowe kartki i drobne upominki. Na koniec ka\u017cdy m\u00f3g\u0142 zrobi\u0107 sobie pami\u0105tkowe zdj\u0119cie.<\/span><\/span><\/p>\n<p>[ngg src=&#8221;galleries&#8221; ids=&#8221;109&#8243; display=&#8221;basic_slideshow&#8221; arrows=&#8221;1&#8243;]<\/p>\n","protected":false},"excerpt":{"rendered":"<p>23 czerwca&nbsp;klasy I-IV \u015bwi\u0119towa\u0142y zako\u0144czenie roku szkolnego w \u015bwietlicy.&nbsp;Wszystkim dzieciom podzi\u0119kowali\u015bmy za prac\u0119&nbsp;oraz&nbsp;zaanga\u017cowanie w \u017cycie \u015bwietlicy szkolnej.&nbsp;<\/p>\n","protected":false},"author":1,"featured_media":6374,"comment_status":"closed","ping_status":"open","sticky":false,"template":"","format":"standard","meta":{"footnotes":""},"categories":[3],"tags":[],"class_list":["post-6350","post","type-post","status-publish","format-standard","has-post-thumbnail","hentry","category-events"],"_links":{"self":[{"href":"http:\/\/zs.wolczyn.pl\/sp\/wp-json\/wp\/v2\/posts\/6350","targetHints":{"allow":["GET"]}}],"collection":[{"href":"http:\/\/zs.wolczyn.pl\/sp\/wp-json\/wp\/v2\/posts"}],"about":[{"href":"http:\/\/zs.wolczyn.pl\/sp\/wp-json\/wp\/v2\/types\/post"}],"author":[{"embeddable":true,"href":"http:\/\/zs.wolczyn.pl\/sp\/wp-json\/wp\/v2\/users\/1"}],"replies":[{"embeddable":true,"href":"http:\/\/zs.wolczyn.pl\/sp\/wp-json\/wp\/v2\/comments?post=6350"}],"version-history":[{"count":0,"href":"http:\/\/zs.wolczyn.pl\/sp\/wp-json\/wp\/v2\/posts\/6350\/revisions"}],"wp:featuredmedia":[{"embeddable":true,"href":"http:\/\/zs.wolczyn.pl\/sp\/wp-json\/wp\/v2\/media\/6374"}],"wp:attachment":[{"href":"http:\/\/zs.wolczyn.pl\/sp\/wp-json\/wp\/v2\/media?parent=6350"}],"wp:term":[{"taxonomy":"category","embeddable":true,"href":"http:\/\/zs.wolczyn.pl\/sp\/wp-json\/wp\/v2\/categories?post=6350"},{"taxonomy":"post_tag","embeddable":true,"href":"http:\/\/zs.wolczyn.pl\/sp\/wp-json\/wp\/v2\/tags?post=6350"}],"curies":[{"name":"wp","href":"https:\/\/api.w.org\/{rel}","templated":true}]}}