{"id":7047,"date":"2022-11-17T13:32:14","date_gmt":"2022-11-17T13:32:14","guid":{"rendered":"http:\/\/zs.wolczyn.pl\/sp\/?p=7047"},"modified":"2022-11-17T13:35:51","modified_gmt":"2022-11-17T13:35:51","slug":"pasowanie-uczniow-klasy-1b-na-czytelnika","status":"publish","type":"post","link":"http:\/\/zs.wolczyn.pl\/sp\/pasowanie-uczniow-klasy-1b-na-czytelnika\/","title":{"rendered":"Pasowanie uczni\u00f3w klasy 1b na Czytelnika"},"content":{"rendered":"<p>28 pa\u017adziernika 2022 r. na uczni\u00f3w z klasy 1B czeka\u0142a niespodzianka. Pierwszoklasi\u015bci stan\u0119li przed trudnym zadaniem udowodnienia, czy mog\u0105 zosta\u0107 Czytelnikami Biblioteki Szkolnej. Wszyscy \u015bwietnie sobie poradzili z zagadkami i rebusami i pokazali, \u017ce doskonale znaj\u0105 si\u0119 na ksi\u0105\u017ckach bardzo lubi\u0105 czyta\u0107. Spotkanie zako\u0144czy\u0142o si\u0119 z\u0142o\u017ceniem uroczystego \u015alubowania Wzorowego Czytelnika. <!--more-->W nagrod\u0119 uczniowie otrzymali ksi\u0105\u017cki w ramach kampanii promuj\u0105cej czytelnictwo \u201eMa\u0142a ksi\u0105\u017cka \u2013 wielki cz\u0142owiek\u201d organizowanej przez Instytut Ksi\u0105\u017cki i Ministerstwo Kultury i Dziedzictwa Narodowego.<\/p>\n<p>[ngg src=&#8221;galleries&#8221; ids=&#8221;125&#8243; display=&#8221;basic_thumbnail&#8221; thumbnail_crop=&#8221;0&#8243; number_of_columns=&#8221;4&#8243; show_slideshow_link=&#8221;1&#8243; slideshow_link_text=&#8221;Pokaz slajd\u00f3w&#8221;]<\/p>\n","protected":false},"excerpt":{"rendered":"<p>28 pa\u017adziernika 2022 r. na uczni\u00f3w z klasy 1B czeka\u0142a niespodzianka. Pierwszoklasi\u015bci stan\u0119li przed trudnym zadaniem udowodnienia, czy mog\u0105 zosta\u0107 Czytelnikami Biblioteki Szkolnej. Wszyscy \u015bwietnie sobie poradzili z zagadkami i <a href=\"http:\/\/zs.wolczyn.pl\/sp\/pasowanie-uczniow-klasy-1b-na-czytelnika\/\" class=\"read-more\">Czytaj dalej &#8230;<\/a><\/p>\n","protected":false},"author":1,"featured_media":7082,"comment_status":"closed","ping_status":"open","sticky":false,"template":"","format":"standard","meta":{"footnotes":""},"categories":[3],"tags":[],"class_list":["post-7047","post","type-post","status-publish","format-standard","has-post-thumbnail","hentry","category-events"],"_links":{"self":[{"href":"http:\/\/zs.wolczyn.pl\/sp\/wp-json\/wp\/v2\/posts\/7047","targetHints":{"allow":["GET"]}}],"collection":[{"href":"http:\/\/zs.wolczyn.pl\/sp\/wp-json\/wp\/v2\/posts"}],"about":[{"href":"http:\/\/zs.wolczyn.pl\/sp\/wp-json\/wp\/v2\/types\/post"}],"author":[{"embeddable":true,"href":"http:\/\/zs.wolczyn.pl\/sp\/wp-json\/wp\/v2\/users\/1"}],"replies":[{"embeddable":true,"href":"http:\/\/zs.wolczyn.pl\/sp\/wp-json\/wp\/v2\/comments?post=7047"}],"version-history":[{"count":0,"href":"http:\/\/zs.wolczyn.pl\/sp\/wp-json\/wp\/v2\/posts\/7047\/revisions"}],"wp:featuredmedia":[{"embeddable":true,"href":"http:\/\/zs.wolczyn.pl\/sp\/wp-json\/wp\/v2\/media\/7082"}],"wp:attachment":[{"href":"http:\/\/zs.wolczyn.pl\/sp\/wp-json\/wp\/v2\/media?parent=7047"}],"wp:term":[{"taxonomy":"category","embeddable":true,"href":"http:\/\/zs.wolczyn.pl\/sp\/wp-json\/wp\/v2\/categories?post=7047"},{"taxonomy":"post_tag","embeddable":true,"href":"http:\/\/zs.wolczyn.pl\/sp\/wp-json\/wp\/v2\/tags?post=7047"}],"curies":[{"name":"wp","href":"https:\/\/api.w.org\/{rel}","templated":true}]}}