{"id":7089,"date":"2022-11-23T16:03:15","date_gmt":"2022-11-23T16:03:15","guid":{"rendered":"http:\/\/zs.wolczyn.pl\/sp\/?p=7089"},"modified":"2024-10-15T11:20:37","modified_gmt":"2024-10-15T11:20:37","slug":"w-blasku-prawdy-milosci-i-wolnosci","status":"publish","type":"post","link":"http:\/\/zs.wolczyn.pl\/sp\/w-blasku-prawdy-milosci-i-wolnosci\/","title":{"rendered":"W blasku Prawdy, Mi\u0142o\u015bci i Wolno\u015bci"},"content":{"rendered":"<p>Data 22 listopada 2022r. przesz\u0142a do historii naszej szko\u0142y jako chwila wa\u017cna, niezwyk\u0142a i pi\u0119kna. W tym dniu obchodzili\u015bmy bowiem \u015awi\u0119to Patrona po\u0142\u0105czone z obchodami \u015awi\u0119ta Niepodleg\u0142o\u015bci oraz z po\u015bwi\u0119ceniem i przekazaniem sztandaru szkole.<\/p>\n<p>Uroczysto\u015b\u0107 rozpocz\u0119\u0142a si\u0119 o godz. 10.00 msz\u0105 \u015bw. w ko\u015bciele \u015bwi\u0119tej Teresy w Wo\u0142czynie, kt\u00f3r\u0105 celebrowa\u0142 Biskup Kaliski Damian Bryl. Dokona\u0142 on r\u00f3wnie\u017c po\u015bwi\u0119cenia sztandaru. W wyg\u0142oszonej homilii zach\u0119ci\u0142 zebranych do brania przyk\u0142adu z Wielkiego Polaka Jana Paw\u0142a II, patrona naszej szko\u0142y. Po zako\u0144czeniu nabo\u017ce\u0144stwa wszyscy, w oficjalnym szyku, ze sztandarem niesionym przez Poczet Sztandarowy Rodzic\u00f3w, udali si\u0119 do budynku szko\u0142y na dalsze cz\u0119\u015bci uroczysto\u015bci.<\/p>\n[ngg src=&#8221;galleries&#8221; ids=&#8221;126&#8243; display=&#8221;basic_thumbnail&#8221; thumbnail_crop=&#8221;0&#8243; number_of_columns=&#8221;4&#8243;]\n<p>W swoich progach go\u015bcili\u015bmy licznie przyby\u0142ych go\u015bci m.in. Biskupa Kaliskiego Damiana Bryla, Opolskiego Kuratora O\u015bwiaty Micha\u0142a Sieka, Wicestarost\u0119 Kluczborskiego Les\u0142awa Czernika, Burmistrza Miasta Wo\u0142czyna Jana Leszka Wi\u0105cka, Wiceburmistrza Bogus\u0142awa Adaszy\u0144skiego, Przewodnicz\u0105cego Rady Miejskiej Waldemara Antkowiaka, Poczet Zwi\u0105zku Sybirak\u00f3w z Kluczborka, dyrektor\u00f3w i kierownik\u00f3w jednostek samorz\u0105dowych, dyrektor\u00f3w plac\u00f3wek o\u015bwiatowych, prezes\u00f3w i dyrektor\u00f3w firm dzia\u0142aj\u0105cych na terenie naszej gminy, przewodnik\u00f3w duchowych parafii.<\/p>\n<p>&nbsp;<\/p>\n<p>Po mszy \u015bwi\u0119tej, Jego Ekscelencja Ksi\u0105dz Biskup Damian Bryl, po\u015bwi\u0119ci\u0142 w budynku B nowo utworzon\u0105 sal\u0119 tradycji. Znalaz\u0142y si\u0119 tam pami\u0105tki i wspomnienia zwi\u0105zane z histori\u0105 Szko\u0142y Podstawowej nr 1 i Szko\u0142y Podstawowej nr 2. Tam te\u017c zosta\u0142y odprowadzone w stan spoczynku sztandary tych\u017ce szk\u00f3\u0142.<\/p>\n[ngg src=&#8221;galleries&#8221; ids=&#8221;127&#8243; display=&#8221;basic_thumbnail&#8221; thumbnail_crop=&#8221;0&#8243; number_of_columns=&#8221;4&#8243;]\n<p>Prawie 30 lat temu papie\u017c Jan Pawe\u0142 II w encyklice \u201eVeritatis splendor\u201d przypomnia\u0142 o trzech warto\u015bciach, bez kt\u00f3rych w naszym \u017cyciu wieje pustk\u0105 \u2013 o Mi\u0142o\u015bci, Wolno\u015bci i blasku Prawdy. To w\u0142a\u015bnie ten BLASK PRAWDY sta\u0142 si\u0119 has\u0142em tegorocznego XXII Dnia Papieskiego i my\u015bl\u0105 przewodni\u0105 \u015awi\u0119ta Patrona.<\/p>\n<p>&nbsp;<\/p>\n<p>Nast\u0119pnie nadszed\u0142 donios\u0142y moment, na kt\u00f3ry ca\u0142a spo\u0142eczno\u015b\u0107 szkolna czeka\u0142a z niecierpliwo\u015bci\u0105. Przewodnicz\u0105ca Rady Rodzic\u00f3w p. Aneta Szpak przekaza\u0142a na r\u0119ce Dyrektora Zespo\u0142u Szk\u00f3\u0142 p. Ewy W\u0142os \u2013 sztandar jako symbol tradycji i szacunku dla cz\u0142owieka, honoru i warto\u015bci.<\/p>\n<p>Pani dyrektor Ewa W\u0142os, przekaza\u0142a sztandar przewodnicz\u0105cemu Samorz\u0105du Szkolnego Jakubowi Mordarskiemu, a ten przyj\u0105\u0142 go obiecuj\u0105c, \u017ce uczniowie nie splami\u0105 Jego honoru i otocz\u0105 szacunkiem. Nast\u0105pi\u0142a kr\u00f3tka prezentacja, by zebrani mogli zobaczy\u0107 awers i rewers.<\/p>\n[ngg src=&#8221;galleries&#8221; ids=&#8221;132&#8243; display=&#8221;basic_thumbnail&#8221; thumbnail_crop=&#8221;0&#8243; number_of_columns=&#8221;4&#8243;]\n<p>Nast\u0119pnie, w swoim przem\u00f3wieniu p. dyrektor nawi\u0105za\u0142a do warto\u015bci, kt\u00f3re przy\u015bwieca\u0142y dzisiejszemu wydarzeniu, do Mi\u0142o\u015bci, Wolno\u015bci i blasku Prawdy. Zwr\u00f3ci\u0142a uwag\u0119, \u017ce \u201eWolno\u015b\u0107\u201d to jedno z najbardziej kruchych i delikatnych warto\u015bci. Dlatego by\u015bmy mogli \u017cy\u0107 w mi\u0142o\u015bci, pokoju i wolno\u015bci, musimy pami\u0119ta\u0107, \u017ce Mi\u0142o\u015b\u0107 i Prawda zawsze zwyci\u0119\u017c\u0105.<\/p>\n<p>&nbsp;<\/p>\n<p>Jeste\u015bmy wielk\u0105 rodzin\u0105, wsp\u00f3lnot\u0105 przyjaci\u00f3\u0142, kt\u00f3rzy potrafi\u0105 sobie pomaga\u0107. \u015awiat nas potrzebuje. Potrzebuje dobroci i mi\u0142o\u015bci, \u017ceby nie osun\u0105\u0107 si\u0119 w nico\u015b\u0107. Niech ten blask prawdy kieruje naszymi czynami, a sztandar od dzisiejszego dnia stanie si\u0119 symbolem szko\u0142y, wpisze si\u0119 w nasz ceremonia\u0142 szkolny, w uroczysto\u015bci, kt\u00f3re odbywa\u0107 si\u0119 b\u0119d\u0105 z jego udzia\u0142em.<\/p>\n<p>&nbsp;<\/p>\n<p>Punktem, kt\u00f3ry na sta\u0142e wpisa\u0142 si\u0119 w obchody Dnia Patrona, jest rozstrzygni\u0119cie organizowanych z tej okazji konkurs\u00f3w: literackiego, plastycznego oraz Biegu Patrona. M\u0142odzi poeci, arty\u015bci i sportowcy otrzymali pami\u0105tkowe dyplomy oraz nagrody. Fundatorem cennych nagr\u00f3d by\u0142 Instytut Papie\u017ca Jana Paw\u0142a II w Warszawie, kt\u00f3rego dyrektorem jest ks. pra\u0142at dr hab. Zdzis\u0142aw Struzik, prof. UKSW. Nagrody zosta\u0142y one wr\u0119czone przez dostojnych go\u015bci. <\/p>\n[ngg src=&#8221;galleries&#8221; ids=&#8221;128&#8243; display=&#8221;basic_thumbnail&#8221; thumbnail_crop=&#8221;0&#8243; number_of_columns=&#8221;4&#8243;]\n<p>Jak co roku, z okazji Dnia Papieskiego nasi uczniowie kwestowali na rzecz Dzie\u0142a Nowego Tysi\u0105clecia, czyli na rzecz fundacji, kt\u00f3ra wspiera kszta\u0142cenie wybitnie uzdolnionej m\u0142odzie\u017cy z niezamo\u017cnych rodzin. Uda\u0142o si\u0119 uzbiera\u0107 3910,41 z\u0142 i 10 euro.<\/p>\n<p>&nbsp;<\/p>\n<p>W dalszej cz\u0119\u015bci uroczysto\u015bci nie zabrak\u0142o s\u0142\u00f3w skierowanych do publiczno\u015bci. G\u0142os zabrali:<br>* Ekscelencja ksi\u0105dz Biskup Damian Bryl<br>* Opolski Kurator O\u015bwiaty pan Micha\u0142 Siek<br>* Wicestarosta Kluczborski \u2013 pan Les\u0142aw Czernik<br>* Burmistrz Wo\u0142czyna \u2013 pan Jan Leszek Wi\u0105cek.<\/p>\n<p>&nbsp;<\/p>\n<p>Nast\u0119pnie Dyrektor Zespo\u0142u Szk\u00f3\u0142 p. Ewa W\u0142os podzi\u0119kowa\u0142a wszystkim znamienitym go\u015bciom, a w szczeg\u00f3lno\u015bci fundatorom \u2013 Radzie Rodzic\u00f3w SP im. Jana Paw\u0142a II w Wo\u0142czynie s\u0142owami: \u201eDzisiejsza uroczysto\u015b\u0107, to zas\u0142uga wielu os\u00f3b. Dzi\u0119ki Wam mo\u017cemy by\u0107 w tym miejscu. To dzi\u0119ki Waszej hojno\u015bci nasza szko\u0142a zyskuje cenny dar, dar nieoceniony &#8211; SZTANDAR\u201d.<\/p>\n[ngg src=&#8221;galleries&#8221; ids=&#8221;129&#8243; display=&#8221;basic_thumbnail&#8221; thumbnail_crop=&#8221;0&#8243; number_of_columns=&#8221;4&#8243;]\n<p>Ca\u0142\u0105 ceremoni\u0119 u\u015bwietni\u0142y wyst\u0119py muzyczne naszych uczni\u00f3w i go\u015bcia specjalnego pana Mariusza Buczka z zespo\u0142em EX AMINO.<\/p>\n[ngg src=&#8221;galleries&#8221; ids=&#8221;130&#8243; display=&#8221;basic_thumbnail&#8221; thumbnail_crop=&#8221;0&#8243; number_of_columns=&#8221;4&#8243;]\n<p>&nbsp;<\/p>\n<p>Zwie\u0144czeniem uroczysto\u015bci by\u0142o wypuszczenie przez uczni\u00f3w bia\u0142ych i \u017c\u00f3\u0142tych balon\u00f3w, kt\u00f3re mia\u0142y symbolizowa\u0107 barwy papieskie.<\/p>\n<p><img loading=\"lazy\" decoding=\"async\" class=\"aligncenter size-full wp-image-7171\" src=\"http:\/\/zs.wolczyn.pl\/sp\/wp-content\/uploads\/2022\/11\/186_ZSWO3920.jpg\" alt=\"\" width=\"1024\" height=\"681\" srcset=\"http:\/\/zs.wolczyn.pl\/sp\/wp-content\/uploads\/2022\/11\/186_ZSWO3920.jpg 1024w, http:\/\/zs.wolczyn.pl\/sp\/wp-content\/uploads\/2022\/11\/186_ZSWO3920-300x200.jpg 300w, http:\/\/zs.wolczyn.pl\/sp\/wp-content\/uploads\/2022\/11\/186_ZSWO3920-768x511.jpg 768w, http:\/\/zs.wolczyn.pl\/sp\/wp-content\/uploads\/2022\/11\/186_ZSWO3920-391x260.jpg 391w, http:\/\/zs.wolczyn.pl\/sp\/wp-content\/uploads\/2022\/11\/186_ZSWO3920-272x182.jpg 272w\" sizes=\"auto, (max-width: 1024px) 100vw, 1024px\" \/><\/p>\n<p>&nbsp;<\/p>\n<p>Uroczysto\u015bci towarzyszy\u0142a wystawa pod has\u0142em: \u201eJan Pawe\u0142 II w Kolumbii\u201d, kt\u00f3r\u0105 udost\u0119pni\u0142 nam Instytut Papie\u017ca Jana Paw\u0142a II w Warszawie. Jego dyrektorem jest ks. pra\u0142at dr hab. Zdzis\u0142aw Struzik, prof. UKSW. Prace zosta\u0142y wyeksponowane obok Sali Tradycji w budynku A.<\/p>\n[ngg src=&#8221;galleries&#8221; ids=&#8221;131&#8243; display=&#8221;basic_thumbnail&#8221; thumbnail_crop=&#8221;0&#8243; number_of_columns=&#8221;4&#8243;]\n<p>Prowadz\u0105cy po\u017cegnali zebranych s\u0142owami: \u201eNiech ten symboliczny gest doda nam skrzyde\u0142 i poprowadzi ku wy\u017cynom. Pami\u0119tajmy, \u017ce zawsze po chwilach trudnych przychodz\u0105 chwile rado\u015bci. Cieszmy si\u0119 wi\u0119c ka\u017cdym dniem, nie tra\u0107my nadziei. Uczmy si\u0119 uniwersalnych warto\u015bci p\u0142yn\u0105cych z nauczania Ojca \u015awi\u0119tego, aby nigdy nie zabrak\u0142o w naszym \u017cyciu wiary, blasku prawdy i mi\u0142o\u015bci\u201d.<\/p>\n<p>&nbsp;<\/p>\n<p>Dyrektor Zespo\u0142u Szk\u00f3\u0142 p. Ewa W\u0142os pragnie serdecznie podzi\u0119kowa\u0107 ca\u0142emu Zespo\u0142owi ds. Patrona i wszystkim tym, kt\u00f3rzy w\u0142\u0105czyli si\u0119 w organizacj\u0119 tego donios\u0142ego dla szko\u0142y wydarzenia.<\/p>\n\n\n<p><\/p>\n","protected":false},"excerpt":{"rendered":"<p>Data 22 listopada 2022r. przesz\u0142a do historii naszej szko\u0142y jako chwila wa\u017cna, niezwyk\u0142a i pi\u0119kna. W tym dniu obchodzili\u015bmy bowiem \u015awi\u0119to Patrona po\u0142\u0105czone z obchodami \u015awi\u0119ta Niepodleg\u0142o\u015bci oraz z po\u015bwi\u0119ceniem <a href=\"http:\/\/zs.wolczyn.pl\/sp\/w-blasku-prawdy-milosci-i-wolnosci\/\" class=\"read-more\">Czytaj dalej &#8230;<\/a><\/p>\n","protected":false},"author":1,"featured_media":7090,"comment_status":"closed","ping_status":"open","sticky":false,"template":"","format":"standard","meta":{"footnotes":""},"categories":[36,3],"tags":[],"class_list":["post-7089","post","type-post","status-publish","format-standard","has-post-thumbnail","hentry","category-nasz-patron","category-events"],"_links":{"self":[{"href":"http:\/\/zs.wolczyn.pl\/sp\/wp-json\/wp\/v2\/posts\/7089","targetHints":{"allow":["GET"]}}],"collection":[{"href":"http:\/\/zs.wolczyn.pl\/sp\/wp-json\/wp\/v2\/posts"}],"about":[{"href":"http:\/\/zs.wolczyn.pl\/sp\/wp-json\/wp\/v2\/types\/post"}],"author":[{"embeddable":true,"href":"http:\/\/zs.wolczyn.pl\/sp\/wp-json\/wp\/v2\/users\/1"}],"replies":[{"embeddable":true,"href":"http:\/\/zs.wolczyn.pl\/sp\/wp-json\/wp\/v2\/comments?post=7089"}],"version-history":[{"count":0,"href":"http:\/\/zs.wolczyn.pl\/sp\/wp-json\/wp\/v2\/posts\/7089\/revisions"}],"wp:featuredmedia":[{"embeddable":true,"href":"http:\/\/zs.wolczyn.pl\/sp\/wp-json\/wp\/v2\/media\/7090"}],"wp:attachment":[{"href":"http:\/\/zs.wolczyn.pl\/sp\/wp-json\/wp\/v2\/media?parent=7089"}],"wp:term":[{"taxonomy":"category","embeddable":true,"href":"http:\/\/zs.wolczyn.pl\/sp\/wp-json\/wp\/v2\/categories?post=7089"},{"taxonomy":"post_tag","embeddable":true,"href":"http:\/\/zs.wolczyn.pl\/sp\/wp-json\/wp\/v2\/tags?post=7089"}],"curies":[{"name":"wp","href":"https:\/\/api.w.org\/{rel}","templated":true}]}}