{"id":7254,"date":"2022-12-01T12:50:16","date_gmt":"2022-12-01T12:50:16","guid":{"rendered":"http:\/\/zs.wolczyn.pl\/sp\/?p=7254"},"modified":"2024-05-06T11:42:41","modified_gmt":"2024-05-06T11:42:41","slug":"pasowanie-na-swietlika-3","status":"publish","type":"post","link":"http:\/\/zs.wolczyn.pl\/sp\/pasowanie-na-swietlika-3\/","title":{"rendered":"Pasowanie na \u015awietlika"},"content":{"rendered":"<p>Dnia 29 listopada 2022 r. w auli naszej szko\u0142y odby\u0142a si\u0119 uroczysto\u015b\u0107 Pasowania na \u015awietlika. Imprez\u0119 poprowadzi\u0142y uczennice klasy IVa: Weonika Wengel, Zuzanna Perdek i Weronika Pasi\u0144ska. Wychowawcy \u015bwietlicy: pani Magdalena Ossoli\u0144ska-Staszewska i pani Ewelina Baran przygotowa\u0142y dla uczni\u00f3w kilka zada\u0144 do wykonania. Pierwsze zadanie polega\u0142o na sprawdzeniu znajomo\u015bci zasad kulturalnego zachowania si\u0119 w \u015bwietlicy szkolnej. <!--more-->Kolejne zadania to umiej\u0119tno\u015b\u0107 rozwi\u0105zania krzy\u017c\u00f3wki, pr\u00f3ba u\u015bmiechu, rozwi\u0105zywanie zagadek i porz\u0105dkowanie przedmiot\u00f3w na stoliku. Wszystkie pr\u00f3by uczniowie przeszli znakomicie.<\/p>\n<p>W tej wa\u017cnej uroczysto\u015bci uczestniczy\u0142a Pani Dyrektor Ewa W\u0142os, kt\u00f3ra dokona\u0142a aktu pasowania na \u015bwietlika oraz Pani Kierownik \u015awietlicy Szkolnej El\u017cbieta G\u0142uszko-Potera\u0142owicz, kt\u00f3ra wr\u0119czy\u0142a \u015awietlikom dyplomy i upominki.<\/p>\n<p>[ngg src=&#8221;galleries&#8221; ids=&#8221;135&#8243; display=&#8221;basic_thumbnail&#8221; thumbnail_crop=&#8221;0&#8243; number_of_columns=&#8221;4&#8243; show_slideshow_link=&#8221;1&#8243; slideshow_link_text=&#8221;Pokaz slajd\u00f3w&#8221;]<\/p>\n","protected":false},"excerpt":{"rendered":"<p>Dnia 29 listopada 2022 r. w auli naszej szko\u0142y odby\u0142a si\u0119 uroczysto\u015b\u0107 Pasowania na \u015awietlika. Imprez\u0119 poprowadzi\u0142y uczennice klasy IVa: Weonika Wengel, Zuzanna Perdek i Weronika Pasi\u0144ska. Wychowawcy \u015bwietlicy: pani <a href=\"http:\/\/zs.wolczyn.pl\/sp\/pasowanie-na-swietlika-3\/\" class=\"read-more\">Czytaj dalej &#8230;<\/a><\/p>\n","protected":false},"author":1,"featured_media":7255,"comment_status":"closed","ping_status":"open","sticky":false,"template":"","format":"standard","meta":{"footnotes":""},"categories":[34,3],"tags":[],"class_list":["post-7254","post","type-post","status-publish","format-standard","has-post-thumbnail","hentry","category-na-akt","category-events"],"_links":{"self":[{"href":"http:\/\/zs.wolczyn.pl\/sp\/wp-json\/wp\/v2\/posts\/7254","targetHints":{"allow":["GET"]}}],"collection":[{"href":"http:\/\/zs.wolczyn.pl\/sp\/wp-json\/wp\/v2\/posts"}],"about":[{"href":"http:\/\/zs.wolczyn.pl\/sp\/wp-json\/wp\/v2\/types\/post"}],"author":[{"embeddable":true,"href":"http:\/\/zs.wolczyn.pl\/sp\/wp-json\/wp\/v2\/users\/1"}],"replies":[{"embeddable":true,"href":"http:\/\/zs.wolczyn.pl\/sp\/wp-json\/wp\/v2\/comments?post=7254"}],"version-history":[{"count":0,"href":"http:\/\/zs.wolczyn.pl\/sp\/wp-json\/wp\/v2\/posts\/7254\/revisions"}],"wp:featuredmedia":[{"embeddable":true,"href":"http:\/\/zs.wolczyn.pl\/sp\/wp-json\/wp\/v2\/media\/7255"}],"wp:attachment":[{"href":"http:\/\/zs.wolczyn.pl\/sp\/wp-json\/wp\/v2\/media?parent=7254"}],"wp:term":[{"taxonomy":"category","embeddable":true,"href":"http:\/\/zs.wolczyn.pl\/sp\/wp-json\/wp\/v2\/categories?post=7254"},{"taxonomy":"post_tag","embeddable":true,"href":"http:\/\/zs.wolczyn.pl\/sp\/wp-json\/wp\/v2\/tags?post=7254"}],"curies":[{"name":"wp","href":"https:\/\/api.w.org\/{rel}","templated":true}]}}