{"id":7309,"date":"2022-12-07T13:45:00","date_gmt":"2022-12-07T13:45:00","guid":{"rendered":"http:\/\/zs.wolczyn.pl\/sp\/?p=7309"},"modified":"2022-12-07T13:45:06","modified_gmt":"2022-12-07T13:45:06","slug":"z-wizyta-w-dawnej-stolicy","status":"publish","type":"post","link":"http:\/\/zs.wolczyn.pl\/sp\/z-wizyta-w-dawnej-stolicy\/","title":{"rendered":"Z wizyt\u0105 w dawnej stolicy"},"content":{"rendered":"<p>&nbsp;&nbsp;&nbsp;&nbsp;&nbsp;&nbsp;&nbsp;&nbsp;&nbsp; 1-2 grudnia klasa 8E oraz liceali\u015bci realizuj\u0105cy histori\u0119 w zakresie rozszerzonym uczestniczyli w wycieczce edukacyjnej do Krakowa, \u0142\u0105cznie 29 os\u00f3b (w tym 3 uczennice z kl. 8D).<!--more--> Mimo kr\u00f3tkiego czasu zrealizowali\u015bmy bogaty program edukacyjny. Zacz\u0119li\u015bmy od wzg\u00f3rza wawelskiego, gdzie zwiedzili\u015bmy kr\u00f3lewski zamek, katedr\u0119, dzwonnic\u0119, krypty z grobami kr\u00f3lewskimi i innych wa\u017cnych postaci historycznych. Z Wawelu przeszli\u015bmy szlakiem kr\u00f3lewskim do Barbakanu, zatrzymuj\u0105c si\u0119 przy wybranych kamienicach, np. Wita Stwosza. Odwiedzili\u015bmy Ko\u015bci\u00f3\u0142 Franciszka\u0144ski i Okno Papieskie na Franciszka\u0144skiej 3 oraz Ko\u015bci\u00f3\u0142 Mariacki, w kt\u00f3rym uda\u0142o nam si\u0119 obejrze\u0107 ods\u0142oni\u0119cie o\u0142tarza Wita Stwosza. W muzeach podziwiali\u015bmy wspania\u0142e zbiory Czartoryskich w\u0142\u0105cznie z \u201eDam\u0105 z gronostajem\u201d i w Collegium Maius.&nbsp; W wolnych chwilach mo\u017cna by\u0142o ogrza\u0107 si\u0119 gor\u0105c\u0105 czekolad\u0105 lub zimow\u0105 herbatk\u0105 na \u015bwi\u0105tecznym jarmarku. W grudniowe dni Krak\u00f3w przywitaj nas zimn\u0105 aur\u0105, ale za to urokliwymi \u015bwi\u0105tecznymi iluminacjami na ulicach i jarmarku.<\/p>\n<p>[ngg src=&#8221;galleries&#8221; ids=&#8221;136&#8243; display=&#8221;basic_slideshow&#8221; arrows=&#8221;1&#8243;]<\/p>\n","protected":false},"excerpt":{"rendered":"<p>&nbsp;&nbsp;&nbsp;&nbsp;&nbsp;&nbsp;&nbsp;&nbsp;&nbsp; 1-2 grudnia klasa 8E oraz liceali\u015bci realizuj\u0105cy histori\u0119 w zakresie rozszerzonym uczestniczyli w wycieczce edukacyjnej do Krakowa, \u0142\u0105cznie 29 os\u00f3b (w tym 3 uczennice z kl. 8D).<\/p>\n","protected":false},"author":1,"featured_media":7324,"comment_status":"closed","ping_status":"open","sticky":false,"template":"","format":"standard","meta":{"footnotes":""},"categories":[3],"tags":[],"class_list":["post-7309","post","type-post","status-publish","format-standard","has-post-thumbnail","hentry","category-events"],"_links":{"self":[{"href":"http:\/\/zs.wolczyn.pl\/sp\/wp-json\/wp\/v2\/posts\/7309","targetHints":{"allow":["GET"]}}],"collection":[{"href":"http:\/\/zs.wolczyn.pl\/sp\/wp-json\/wp\/v2\/posts"}],"about":[{"href":"http:\/\/zs.wolczyn.pl\/sp\/wp-json\/wp\/v2\/types\/post"}],"author":[{"embeddable":true,"href":"http:\/\/zs.wolczyn.pl\/sp\/wp-json\/wp\/v2\/users\/1"}],"replies":[{"embeddable":true,"href":"http:\/\/zs.wolczyn.pl\/sp\/wp-json\/wp\/v2\/comments?post=7309"}],"version-history":[{"count":0,"href":"http:\/\/zs.wolczyn.pl\/sp\/wp-json\/wp\/v2\/posts\/7309\/revisions"}],"wp:featuredmedia":[{"embeddable":true,"href":"http:\/\/zs.wolczyn.pl\/sp\/wp-json\/wp\/v2\/media\/7324"}],"wp:attachment":[{"href":"http:\/\/zs.wolczyn.pl\/sp\/wp-json\/wp\/v2\/media?parent=7309"}],"wp:term":[{"taxonomy":"category","embeddable":true,"href":"http:\/\/zs.wolczyn.pl\/sp\/wp-json\/wp\/v2\/categories?post=7309"},{"taxonomy":"post_tag","embeddable":true,"href":"http:\/\/zs.wolczyn.pl\/sp\/wp-json\/wp\/v2\/tags?post=7309"}],"curies":[{"name":"wp","href":"https:\/\/api.w.org\/{rel}","templated":true}]}}