{"id":7330,"date":"2022-12-08T07:58:51","date_gmt":"2022-12-08T07:58:51","guid":{"rendered":"http:\/\/zs.wolczyn.pl\/sp\/?p=7330"},"modified":"2024-05-06T11:36:15","modified_gmt":"2024-05-06T11:36:15","slug":"mikolajki-w-swietlicy-szkolnej-2","status":"publish","type":"post","link":"http:\/\/zs.wolczyn.pl\/sp\/mikolajki-w-swietlicy-szkolnej-2\/","title":{"rendered":"Miko\u0142ajki w \u015bwietlicy szkolnej"},"content":{"rendered":"<p style=\"text-align: left;\">&nbsp;&nbsp;&nbsp;&nbsp;&nbsp;&nbsp;&nbsp;&nbsp;&nbsp; 6 grudnia uczniowie mogli zrobi\u0107 sobie zdj\u0119cie w specjalnie przygotowanej fotobudce. Tego dnia wsp\u00f3lnie odczytali\u015bmy list od \u015bw. Miko\u0142aja skierowany do Dzieci.<\/p>\n<p style=\"text-align: left;\"><!--more-->Nast\u0119pnie ka\u017cdy mia\u0142 okazj\u0119 napisa\u0107 list do Miko\u0142aja, przyklei\u0107 znaczek i wrzuci\u0107 go do specjalnej skrzynki. Mamy nadziej\u0119, \u017ce wszystkie pro\u015bby zostan\u0105 spe\u0142nione!<\/p>\n<p style=\"text-align: right;\">Ewelina Baran<br \/>\nMagdalena Ossoli\u0144ska-Staszewska<\/p>\n<p>[ngg src=&#8221;galleries&#8221; ids=&#8221;137&#8243; display=&#8221;basic_thumbnail&#8221; thumbnail_crop=&#8221;0&#8243; number_of_columns=&#8221;4&#8243;]<\/p>\n","protected":false},"excerpt":{"rendered":"<p>&nbsp;&nbsp;&nbsp;&nbsp;&nbsp;&nbsp;&nbsp;&nbsp;&nbsp; 6 grudnia uczniowie mogli zrobi\u0107 sobie zdj\u0119cie w specjalnie przygotowanej fotobudce. Tego dnia wsp\u00f3lnie odczytali\u015bmy list od \u015bw. Miko\u0142aja skierowany do Dzieci.<\/p>\n","protected":false},"author":1,"featured_media":7362,"comment_status":"closed","ping_status":"open","sticky":false,"template":"","format":"standard","meta":{"footnotes":""},"categories":[34,3],"tags":[],"class_list":["post-7330","post","type-post","status-publish","format-standard","has-post-thumbnail","hentry","category-na-akt","category-events"],"_links":{"self":[{"href":"http:\/\/zs.wolczyn.pl\/sp\/wp-json\/wp\/v2\/posts\/7330","targetHints":{"allow":["GET"]}}],"collection":[{"href":"http:\/\/zs.wolczyn.pl\/sp\/wp-json\/wp\/v2\/posts"}],"about":[{"href":"http:\/\/zs.wolczyn.pl\/sp\/wp-json\/wp\/v2\/types\/post"}],"author":[{"embeddable":true,"href":"http:\/\/zs.wolczyn.pl\/sp\/wp-json\/wp\/v2\/users\/1"}],"replies":[{"embeddable":true,"href":"http:\/\/zs.wolczyn.pl\/sp\/wp-json\/wp\/v2\/comments?post=7330"}],"version-history":[{"count":0,"href":"http:\/\/zs.wolczyn.pl\/sp\/wp-json\/wp\/v2\/posts\/7330\/revisions"}],"wp:featuredmedia":[{"embeddable":true,"href":"http:\/\/zs.wolczyn.pl\/sp\/wp-json\/wp\/v2\/media\/7362"}],"wp:attachment":[{"href":"http:\/\/zs.wolczyn.pl\/sp\/wp-json\/wp\/v2\/media?parent=7330"}],"wp:term":[{"taxonomy":"category","embeddable":true,"href":"http:\/\/zs.wolczyn.pl\/sp\/wp-json\/wp\/v2\/categories?post=7330"},{"taxonomy":"post_tag","embeddable":true,"href":"http:\/\/zs.wolczyn.pl\/sp\/wp-json\/wp\/v2\/tags?post=7330"}],"curies":[{"name":"wp","href":"https:\/\/api.w.org\/{rel}","templated":true}]}}