{"id":7395,"date":"2023-01-20T06:52:59","date_gmt":"2023-01-20T06:52:59","guid":{"rendered":"http:\/\/zs.wolczyn.pl\/sp\/?p=7395"},"modified":"2024-05-06T11:45:58","modified_gmt":"2024-05-06T11:45:58","slug":"dzien-kubusia-puchatka-i-dzien-popcornu-w-swietlicy-szkolnej","status":"publish","type":"post","link":"http:\/\/zs.wolczyn.pl\/sp\/dzien-kubusia-puchatka-i-dzien-popcornu-w-swietlicy-szkolnej\/","title":{"rendered":"Dzie\u0144 Kubusia Puchatka i Dzie\u0144 Popcornu w \u015bwietlicy szkolnej"},"content":{"rendered":"<p>Dnia 19 stycznia w \u015bwietlicy szkolnej obchodzili\u015bmy Dzie\u0144 Kubusia Puchatka i Dzie\u0144 Popcornu. Urocze przygody wiecznie g\u0142odnego i poszukuj\u0105cego miodu Kubusia zamieszkuj\u0105cego Stumilowy Las zna prawie ka\u017cde dziecko. <!--more-->Z tej okazji nasi uczniowie rozwi\u0105zywali zagadki, uk\u0142adali puzzle XXL i malowali farbami naszego bohatera. Prawdziwym wyzwaniem by\u0142 konkurs plastyczny pod has\u0142em Kubu\u015b Puchatek- m\u00f3j prawdziwy przyjaciel.<br>Jednak najwi\u0119ksz\u0105 atrakcj\u0105 okaza\u0142a si\u0119 projekcja filmu &#8222;Kubu\u015b Puchatek i Hefalumpy&#8221;. Jak w prawdziwym kinie nie zabrak\u0142o smacznego Popcornu.<br>Uroczy dzie\u0144, pe\u0142en niespodzianek i przyg\u00f3d.<\/p>\n\n\n[ngg src=&#8221;galleries&#8221; ids=&#8221;138&#8243; display=&#8221;basic_thumbnail&#8221; thumbnail_crop=&#8221;0&#8243; images_per_page=&#8221;27&#8243; number_of_columns=&#8221;3&#8243;]\n","protected":false},"excerpt":{"rendered":"<p>Dnia 19 stycznia w \u015bwietlicy szkolnej obchodzili\u015bmy Dzie\u0144 Kubusia Puchatka i Dzie\u0144 Popcornu. Urocze przygody wiecznie g\u0142odnego i poszukuj\u0105cego miodu Kubusia zamieszkuj\u0105cego Stumilowy Las zna prawie ka\u017cde dziecko.<\/p>\n","protected":false},"author":1,"featured_media":7424,"comment_status":"closed","ping_status":"open","sticky":false,"template":"","format":"standard","meta":{"footnotes":""},"categories":[34,3],"tags":[],"class_list":["post-7395","post","type-post","status-publish","format-standard","has-post-thumbnail","hentry","category-na-akt","category-events"],"_links":{"self":[{"href":"http:\/\/zs.wolczyn.pl\/sp\/wp-json\/wp\/v2\/posts\/7395","targetHints":{"allow":["GET"]}}],"collection":[{"href":"http:\/\/zs.wolczyn.pl\/sp\/wp-json\/wp\/v2\/posts"}],"about":[{"href":"http:\/\/zs.wolczyn.pl\/sp\/wp-json\/wp\/v2\/types\/post"}],"author":[{"embeddable":true,"href":"http:\/\/zs.wolczyn.pl\/sp\/wp-json\/wp\/v2\/users\/1"}],"replies":[{"embeddable":true,"href":"http:\/\/zs.wolczyn.pl\/sp\/wp-json\/wp\/v2\/comments?post=7395"}],"version-history":[{"count":0,"href":"http:\/\/zs.wolczyn.pl\/sp\/wp-json\/wp\/v2\/posts\/7395\/revisions"}],"wp:featuredmedia":[{"embeddable":true,"href":"http:\/\/zs.wolczyn.pl\/sp\/wp-json\/wp\/v2\/media\/7424"}],"wp:attachment":[{"href":"http:\/\/zs.wolczyn.pl\/sp\/wp-json\/wp\/v2\/media?parent=7395"}],"wp:term":[{"taxonomy":"category","embeddable":true,"href":"http:\/\/zs.wolczyn.pl\/sp\/wp-json\/wp\/v2\/categories?post=7395"},{"taxonomy":"post_tag","embeddable":true,"href":"http:\/\/zs.wolczyn.pl\/sp\/wp-json\/wp\/v2\/tags?post=7395"}],"curies":[{"name":"wp","href":"https:\/\/api.w.org\/{rel}","templated":true}]}}