{"id":7445,"date":"2023-01-25T10:49:38","date_gmt":"2023-01-25T10:49:38","guid":{"rendered":"http:\/\/zs.wolczyn.pl\/sp\/?p=7445"},"modified":"2023-01-25T10:50:27","modified_gmt":"2023-01-25T10:50:27","slug":"wycieczka-uczniow-z-klas-6-i-8-do-tropical-islands-i-berlina","status":"publish","type":"post","link":"http:\/\/zs.wolczyn.pl\/sp\/wycieczka-uczniow-z-klas-6-i-8-do-tropical-islands-i-berlina\/","title":{"rendered":"Wycieczka uczni\u00f3w z klas 6 i 8 do Tropical Islands i Berlina"},"content":{"rendered":"<p>Dzielimy si\u0119 z Wami wra\u017ceniami z 2-dniowej wycieczki do Tropical Islands i Berlina, kt\u00f3ra odby\u0142a si\u0119 19-20 stycznia.<!--more--> W\u0142a\u015bciwie to wyczekiwali\u015bmy jej, bo to ju\u017c 8 wizyta naszej szko\u0142y w tych miejscach. Na Tropikalnej Wyspie zapomnieli\u015bmy o szarej codzienno\u015bci: morze po\u0142udniowe, laguna, palmy, nocleg w namiotach na piasku&#8230; W Berlinie zobaczyli\u015bmy najwa\u017cniejsze symbole stolicy- Bram\u0119 Brandenbursk\u0105, Parlament, czerwony Ratusz, Alexanderplatz, byli\u015bmy w muzeum Holocaustu, wjechali\u015bmy na wysoko\u015b\u0107 203 m na wie\u017c\u0119 telewizyjn\u0105, by podziwia\u0107 panoram\u0119 miasta.<\/p>\n\n\n[ngg src=&#8221;galleries&#8221; ids=&#8221;139&#8243; display=&#8221;basic_slideshow&#8221; arrows=&#8221;1&#8243; show_thumbnail_link=&#8221;1&#8243; thumbnail_link_text=&#8221;Poka\u017c wszystkie&#8221;]\n","protected":false},"excerpt":{"rendered":"<p>Dzielimy si\u0119 z Wami wra\u017ceniami z 2-dniowej wycieczki do Tropical Islands i Berlina, kt\u00f3ra odby\u0142a si\u0119 19-20 stycznia.<\/p>\n","protected":false},"author":1,"featured_media":7478,"comment_status":"closed","ping_status":"open","sticky":false,"template":"","format":"standard","meta":{"footnotes":""},"categories":[3],"tags":[],"class_list":["post-7445","post","type-post","status-publish","format-standard","has-post-thumbnail","hentry","category-events"],"_links":{"self":[{"href":"http:\/\/zs.wolczyn.pl\/sp\/wp-json\/wp\/v2\/posts\/7445","targetHints":{"allow":["GET"]}}],"collection":[{"href":"http:\/\/zs.wolczyn.pl\/sp\/wp-json\/wp\/v2\/posts"}],"about":[{"href":"http:\/\/zs.wolczyn.pl\/sp\/wp-json\/wp\/v2\/types\/post"}],"author":[{"embeddable":true,"href":"http:\/\/zs.wolczyn.pl\/sp\/wp-json\/wp\/v2\/users\/1"}],"replies":[{"embeddable":true,"href":"http:\/\/zs.wolczyn.pl\/sp\/wp-json\/wp\/v2\/comments?post=7445"}],"version-history":[{"count":0,"href":"http:\/\/zs.wolczyn.pl\/sp\/wp-json\/wp\/v2\/posts\/7445\/revisions"}],"wp:featuredmedia":[{"embeddable":true,"href":"http:\/\/zs.wolczyn.pl\/sp\/wp-json\/wp\/v2\/media\/7478"}],"wp:attachment":[{"href":"http:\/\/zs.wolczyn.pl\/sp\/wp-json\/wp\/v2\/media?parent=7445"}],"wp:term":[{"taxonomy":"category","embeddable":true,"href":"http:\/\/zs.wolczyn.pl\/sp\/wp-json\/wp\/v2\/categories?post=7445"},{"taxonomy":"post_tag","embeddable":true,"href":"http:\/\/zs.wolczyn.pl\/sp\/wp-json\/wp\/v2\/tags?post=7445"}],"curies":[{"name":"wp","href":"https:\/\/api.w.org\/{rel}","templated":true}]}}