{"id":7613,"date":"2023-01-30T07:55:22","date_gmt":"2023-01-30T07:55:22","guid":{"rendered":"http:\/\/zs.wolczyn.pl\/sp\/?p=7613"},"modified":"2024-10-15T11:19:53","modified_gmt":"2024-10-15T11:19:53","slug":"w-domu-rodzinnym-karola-wojtyly","status":"publish","type":"post","link":"http:\/\/zs.wolczyn.pl\/sp\/w-domu-rodzinnym-karola-wojtyly\/","title":{"rendered":"W domu rodzinnym Karola Wojty\u0142y . . ."},"content":{"rendered":"<p>&nbsp;&nbsp;&nbsp; Wadowice to rodzinne miasto Karola Wojty\u0142y \u2013 papie\u017ca Jana Paw\u0142a II. Przy ulicy Ko\u015bcielnej 7 (dawniej Rynek 2), obok Bazyliki Ofiarowania NMP, stoi skromna kamieniczka, w kt\u00f3rej przysz\u0142y papie\u017c przyszed\u0142 na \u015bwiat 18 maja 1920 roku. <!--more-->Dzisiaj mie\u015bci si\u0119 tu Muzeum \u2013 Dom Rodzinny Jana Paw\u0142a II.<\/p>\n<p><img loading=\"lazy\" decoding=\"async\" class=\" wp-image-7621 alignleft\" src=\"http:\/\/zs.wolczyn.pl\/sp\/wp-content\/uploads\/2023\/01\/16-1024x659.jpg\" alt=\"\" width=\"530\" height=\"341\" srcset=\"http:\/\/zs.wolczyn.pl\/sp\/wp-content\/uploads\/2023\/01\/16-1024x659.jpg 1024w, http:\/\/zs.wolczyn.pl\/sp\/wp-content\/uploads\/2023\/01\/16-300x193.jpg 300w, http:\/\/zs.wolczyn.pl\/sp\/wp-content\/uploads\/2023\/01\/16-768x494.jpg 768w, http:\/\/zs.wolczyn.pl\/sp\/wp-content\/uploads\/2023\/01\/16-1536x988.jpg 1536w, http:\/\/zs.wolczyn.pl\/sp\/wp-content\/uploads\/2023\/01\/16-2048x1318.jpg 2048w\" sizes=\"auto, (max-width: 530px) 100vw, 530px\" \/>W to w\u0142a\u015bnie miejsce uda\u0142 si\u0119 w styczniowy mro\u017any poranek Zesp\u00f3\u0142 ds. Patrona, kt\u00f3ry dzia\u0142a w Zespole Szk\u00f3\u0142 w Wo\u0142czynie. Jego opiekunem jest dyrektor szko\u0142y \u2013 mgr Ewa W\u0142os. G\u0142\u00f3wnym celem wyjazdu by\u0142o samodoskonalenie i g\u0142\u0119bsze poznanie sylwetki Patrona naszej szko\u0142y.<br \/>\nMuzeum \u2013 Dom Rodzinny Jana Paw\u0142a II &#8211; pozwala pozna\u0107 lub odkry\u0107 na nowo \u017cycie, dzia\u0142alno\u015b\u0107 i nauczanie Cz\u0142owieka, kt\u00f3ry zmieni\u0142 oblicze wsp\u00f3\u0142czesnego \u015bwiata. Na oko\u0142o 1200 metrach kwadratowych powierzchni, na czterech kondygnacjach budynku, znajduj\u0105 si\u0119 pami\u0105tki, kt\u00f3re prowadz\u0105 \u015bladami \u017cycia Karola Wojty\u0142y. Podzielono je na szesna\u015bcie stref. Najwa\u017cniejsza z nich \u2013 serce Muzeum \u2013 to mieszkanie Wojty\u0142\u00f3w, w kt\u00f3rym Karol urodzi\u0142 si\u0119 i prze\u017cy\u0142 18 lat.<\/p>\n<p>[ngg src=&#8221;galleries&#8221; ids=&#8221;145&#8243; display=&#8221;basic_slideshow&#8221;]<br \/>\nNowoczesna ekspozycja, wzbogacona licznymi multimediami, uk\u0142ada si\u0119 w opowie\u015b\u0107 o \u017cyciu papie\u017ca &#8211; Polaka: od Wadowic \u2013 jego \u201eMa\u0142ej Ojczyzny\u201d \u2013 przez okres krakowski, a\u017c po Watykan.<br \/>\nMuzeum w swojej kolekcji posiada przedmioty pochodz\u0105ce z domu rodzinnego Ojca \u015awi\u0119tego. Wyposa\u017cono je w meble z epoki i zachowane oryginalne przedmioty nale\u017c\u0105ce do Wojty\u0142\u00f3w, m.in. haftowane przez Emili\u0119 Wojty\u0142ow\u0105 serwetki, jej torebk\u0119 oraz z\u0142oty wisiorek, a tak\u017ce cz\u0119\u015b\u0107 zastawy sto\u0142owej i fotografie z rodzinnego albumu.<br \/>\nMo\u017cna tam r\u00f3wnie\u017c zobaczy\u0107 sprz\u0119t narciarski Papie\u017ca czy przedmioty, kt\u00f3rych u\u017cywa\u0142 podczas swoich wycieczek w ukochane g\u00f3ry. <img loading=\"lazy\" decoding=\"async\" class=\"aligncenter size-large wp-image-7622\" src=\"http:\/\/zs.wolczyn.pl\/sp\/wp-content\/uploads\/2023\/01\/9-1024x698.jpg\" alt=\"\" width=\"640\" height=\"436\" srcset=\"http:\/\/zs.wolczyn.pl\/sp\/wp-content\/uploads\/2023\/01\/9-1024x698.jpg 1024w, http:\/\/zs.wolczyn.pl\/sp\/wp-content\/uploads\/2023\/01\/9-300x205.jpg 300w, http:\/\/zs.wolczyn.pl\/sp\/wp-content\/uploads\/2023\/01\/9-768x524.jpg 768w, http:\/\/zs.wolczyn.pl\/sp\/wp-content\/uploads\/2023\/01\/9-474x324.jpg 474w, http:\/\/zs.wolczyn.pl\/sp\/wp-content\/uploads\/2023\/01\/9-1536x1047.jpg 1536w, http:\/\/zs.wolczyn.pl\/sp\/wp-content\/uploads\/2023\/01\/9-2048x1396.jpg 2048w\" sizes=\"auto, (max-width: 640px) 100vw, 640px\" \/><\/p>\n<p style=\"text-align: left;\">Uwag\u0119 przyci\u0105ga r\u00f3wnie\u017c imponuj\u0105ca kolekcja sutann Jana Paw\u0142a II, w tym ta, w kt\u00f3rej pojawi\u0142 si\u0119 po raz pierwszy i pozdrowi\u0142 t\u0142um wiernych zgromadzonych na Placu \u015bw. Piotra w pa\u017adzierniku 1978 roku. Muzeum Ojca \u015awi\u0119tego Jana Paw\u0142a II posiada pami\u0105tki z tragicznego zamachu na \u017cycie Papie\u017ca, kt\u00f3ry wstrz\u0105sn\u0105\u0142 ca\u0142\u0105 Polsk\u0105. Wzrok i s\u0142uch przyci\u0105ga nowoczesna wystawa multimedialna, kt\u00f3ra pokazuje nie tylko \u017cycie ojca \u015bwi\u0119tego Jana Paw\u0142a II, ale tak\u017ce przekazuje jego nauki i przes\u0142ania. Po wn\u0119trzach muzeum oprowadza\u0142a nas przewodniczka \u2013 siostra Marta.<br \/>\nTu\u017c obok domu wznosi si\u0119 gmach bazyliki. Tam mo\u017cemy kontemplowa\u0107 przed cudownym obrazem Matki Bo\u017cej Nieustaj\u0105cej Pomocy, kt\u00f3ry zosta\u0142 koronowany w 1999 roku przez Papie\u017ca Polaka. To w\u0142a\u015bnie ta kaplica ko\u015bcielna pe\u0142ni\u0142a ogromn\u0105 rol\u0119 w \u017cyciu Karola Wojty\u0142y. Modli\u0142 si\u0119 tam codziennie, przed p\u00f3j\u015bciem do szko\u0142y.<br \/>\nMisj\u0105 Muzeum jest upami\u0119tnianie i upowszechnianie wiedzy na temat \u017cycia i nauczania Ojca \u015awi\u0119tego Jana Paw\u0142a II, kt\u00f3rego pontyfikat i przes\u0142anie zajmuje wyj\u0105tkowe miejsce w polskim dziedzictwie narodowym.<br \/>\nB\u0119d\u0105c w Wadowicach nale\u017cy spr\u00f3bowa\u0107 krem\u00f3wek papieskich, kt\u00f3re ciesz\u0105 si\u0119 niezwyk\u0142\u0105 popularno\u015bci\u0105. Gor\u0105co zach\u0119camy do odwiedzenia rodzinnego miasta Karola Wojty\u0142y i spaceru po wn\u0119trzach muzeum.<\/p>\n<p>[ngg src=&#8221;galleries&#8221; ids=&#8221;147&#8243; display=&#8221;basic_thumbnail&#8221; thumbnail_crop=&#8221;0&#8243; number_of_columns=&#8221;3&#8243; show_slideshow_link=&#8221;1&#8243;]<\/p>\n<p style=\"text-align: right;\">\nZesp\u00f3\u0142 ds. Patrona<\/p>\n<p>&nbsp;<\/p>\n<p>&nbsp;<\/p>\n<p>&nbsp;<\/p>\n","protected":false},"excerpt":{"rendered":"<p>&nbsp;&nbsp;&nbsp; Wadowice to rodzinne miasto Karola Wojty\u0142y \u2013 papie\u017ca Jana Paw\u0142a II. Przy ulicy Ko\u015bcielnej 7 (dawniej Rynek 2), obok Bazyliki Ofiarowania NMP, stoi skromna kamieniczka, w kt\u00f3rej przysz\u0142y papie\u017c <a href=\"http:\/\/zs.wolczyn.pl\/sp\/w-domu-rodzinnym-karola-wojtyly\/\" class=\"read-more\">Czytaj dalej &#8230;<\/a><\/p>\n","protected":false},"author":1,"featured_media":7614,"comment_status":"closed","ping_status":"open","sticky":false,"template":"","format":"standard","meta":{"footnotes":""},"categories":[36,3],"tags":[],"class_list":["post-7613","post","type-post","status-publish","format-standard","has-post-thumbnail","hentry","category-nasz-patron","category-events"],"_links":{"self":[{"href":"http:\/\/zs.wolczyn.pl\/sp\/wp-json\/wp\/v2\/posts\/7613","targetHints":{"allow":["GET"]}}],"collection":[{"href":"http:\/\/zs.wolczyn.pl\/sp\/wp-json\/wp\/v2\/posts"}],"about":[{"href":"http:\/\/zs.wolczyn.pl\/sp\/wp-json\/wp\/v2\/types\/post"}],"author":[{"embeddable":true,"href":"http:\/\/zs.wolczyn.pl\/sp\/wp-json\/wp\/v2\/users\/1"}],"replies":[{"embeddable":true,"href":"http:\/\/zs.wolczyn.pl\/sp\/wp-json\/wp\/v2\/comments?post=7613"}],"version-history":[{"count":0,"href":"http:\/\/zs.wolczyn.pl\/sp\/wp-json\/wp\/v2\/posts\/7613\/revisions"}],"wp:featuredmedia":[{"embeddable":true,"href":"http:\/\/zs.wolczyn.pl\/sp\/wp-json\/wp\/v2\/media\/7614"}],"wp:attachment":[{"href":"http:\/\/zs.wolczyn.pl\/sp\/wp-json\/wp\/v2\/media?parent=7613"}],"wp:term":[{"taxonomy":"category","embeddable":true,"href":"http:\/\/zs.wolczyn.pl\/sp\/wp-json\/wp\/v2\/categories?post=7613"},{"taxonomy":"post_tag","embeddable":true,"href":"http:\/\/zs.wolczyn.pl\/sp\/wp-json\/wp\/v2\/tags?post=7613"}],"curies":[{"name":"wp","href":"https:\/\/api.w.org\/{rel}","templated":true}]}}