{"id":7661,"date":"2023-02-01T07:06:53","date_gmt":"2023-02-01T07:06:53","guid":{"rendered":"http:\/\/zs.wolczyn.pl\/sp\/?p=7661"},"modified":"2023-02-01T07:07:08","modified_gmt":"2023-02-01T07:07:08","slug":"lekcja-wos-u-w-starostwie-powiatowym","status":"publish","type":"post","link":"http:\/\/zs.wolczyn.pl\/sp\/lekcja-wos-u-w-starostwie-powiatowym\/","title":{"rendered":"LEKCJA WOS-U W STAROSTWIE POWIATOWYM"},"content":{"rendered":"\n<p>30 stycznia kl. VIIIE go\u015bci\u0142a w Starostwie Powiatowym w Kluczborku. Uczniowie uczestniczyli w zaj\u0119ciach z WoS-u po\u015bwi\u0119conych funkcjonowaniu samorz\u0105du terytorialnego, jego zadaniom, strukturze,\u00a0 poznali wybrane wydzia\u0142y Starostwa oraz zakres spraw, kt\u00f3re obywatel mo\u017ce w nich za\u0142atwi\u0107. Uczestniczyli w spotkaniu ze starost\u0105 Powiatu Kluczborskiego Miros\u0142awem Bireckim i wicestarost\u0105 Les\u0142awem Czernikiem.<\/p>\n\n\n\n<p>Zaj\u0119cia odbywa\u0142y si\u0119 w sali konferencyjnej, dlatego uczniowie mogli poczu\u0107 si\u0119 jak radni, zasiadaj\u0105c na ich miejscach. Po\u00a0 lekcji WoS-u m\u0142odzie\u017c mia\u0142a warsztaty z pracownikami PUP po\u015bwi\u0119cone preorientacji zawodowej.<\/p>\n\n\n\n<p>Dzi\u0119kujemy wszystkim za \u017cyczliwe przyj\u0119cie i po\u015bwi\u0119cony czas.<\/p>\n\n\n\n[ngg src=&#8221;galleries&#8221; ids=&#8221;148&#8243; display=&#8221;basic_thumbnail&#8221; thumbnail_crop=&#8221;0&#8243;]\n","protected":false},"excerpt":{"rendered":"<p>30 stycznia kl. VIIIE go\u015bci\u0142a w Starostwie Powiatowym w Kluczborku. Uczniowie uczestniczyli w zaj\u0119ciach z WoS-u po\u015bwi\u0119conych funkcjonowaniu samorz\u0105du terytorialnego, jego zadaniom, strukturze,\u00a0 poznali wybrane wydzia\u0142y Starostwa oraz zakres spraw, <a href=\"http:\/\/zs.wolczyn.pl\/sp\/lekcja-wos-u-w-starostwie-powiatowym\/\" class=\"read-more\">Czytaj dalej &#8230;<\/a><\/p>\n","protected":false},"author":1,"featured_media":0,"comment_status":"closed","ping_status":"open","sticky":false,"template":"","format":"standard","meta":{"footnotes":""},"categories":[3],"tags":[],"class_list":["post-7661","post","type-post","status-publish","format-standard","hentry","category-events"],"_links":{"self":[{"href":"http:\/\/zs.wolczyn.pl\/sp\/wp-json\/wp\/v2\/posts\/7661","targetHints":{"allow":["GET"]}}],"collection":[{"href":"http:\/\/zs.wolczyn.pl\/sp\/wp-json\/wp\/v2\/posts"}],"about":[{"href":"http:\/\/zs.wolczyn.pl\/sp\/wp-json\/wp\/v2\/types\/post"}],"author":[{"embeddable":true,"href":"http:\/\/zs.wolczyn.pl\/sp\/wp-json\/wp\/v2\/users\/1"}],"replies":[{"embeddable":true,"href":"http:\/\/zs.wolczyn.pl\/sp\/wp-json\/wp\/v2\/comments?post=7661"}],"version-history":[{"count":0,"href":"http:\/\/zs.wolczyn.pl\/sp\/wp-json\/wp\/v2\/posts\/7661\/revisions"}],"wp:attachment":[{"href":"http:\/\/zs.wolczyn.pl\/sp\/wp-json\/wp\/v2\/media?parent=7661"}],"wp:term":[{"taxonomy":"category","embeddable":true,"href":"http:\/\/zs.wolczyn.pl\/sp\/wp-json\/wp\/v2\/categories?post=7661"},{"taxonomy":"post_tag","embeddable":true,"href":"http:\/\/zs.wolczyn.pl\/sp\/wp-json\/wp\/v2\/tags?post=7661"}],"curies":[{"name":"wp","href":"https:\/\/api.w.org\/{rel}","templated":true}]}}