{"id":7674,"date":"2023-02-07T13:44:46","date_gmt":"2023-02-07T13:44:46","guid":{"rendered":"http:\/\/zs.wolczyn.pl\/sp\/?p=7674"},"modified":"2023-02-07T13:45:20","modified_gmt":"2023-02-07T13:45:20","slug":"i-powiatowy-przeglad-przedstawien-jaselkowych","status":"publish","type":"post","link":"http:\/\/zs.wolczyn.pl\/sp\/i-powiatowy-przeglad-przedstawien-jaselkowych\/","title":{"rendered":"I Powiatowy Przegl\u0105d Przedstawie\u0144 Jase\u0142kowych"},"content":{"rendered":"<p>Uczniowie klasy 2a i 2c zdobyli II miejsce w I Powiatowym Przegl\u0105dzie Przedstawie\u0144 Jase\u0142kowych, kt\u00f3ry odby\u0142 si\u0119 29 stycznia 2023 r. w Wo\u0142czy\u0144skim O\u015brodku Kultury. Mali aktorzy przedstawili pi\u0119kny wyst\u0119p, kt\u00f3ry razem z nimi przygotowa\u0142y wychowawczynie Pani Gra\u017cyna Mrozek i Pani Justyna Cha\u0142ubiec przy wsp\u00f3\u0142pracy i du\u017cym zaanga\u017cowaniu rodzic\u00f3w uczni\u00f3w. By\u0142 to ju\u017c trzeci wyst\u0119p naszych aktor\u00f3w, ale tym razem na wi\u0119kszej scenie. Pomimo lekkiej tremy i du\u017cej widowni uczniowie poradzili sobie wy\u015bmienicie i odebrali zas\u0142u\u017con\u0105 z\u0142ot\u0105 statuetk\u0119 oraz nagrody ksi\u0105\u017ckowe a tak\u017ce wielkie brawa od publiczno\u015bci.<br \/>\nGratulujemy naszym ma\u0142ym aktorom wielkiego sukcesu na du\u017cej scenie i \u017cyczymy powodzenia w kolejnych przedstawieniach!<\/p>\n<p>[ngg src=&#8221;galleries&#8221; ids=&#8221;149&#8243; display=&#8221;basic_thumbnail&#8221; thumbnail_crop=&#8221;0&#8243; number_of_columns=&#8221;3&#8243;]<\/p>\n","protected":false},"excerpt":{"rendered":"<p>Uczniowie klasy 2a i 2c zdobyli II miejsce w I Powiatowym Przegl\u0105dzie Przedstawie\u0144 Jase\u0142kowych, kt\u00f3ry odby\u0142 si\u0119 29 stycznia 2023 r. w Wo\u0142czy\u0144skim O\u015brodku Kultury. Mali aktorzy przedstawili pi\u0119kny wyst\u0119p, <a href=\"http:\/\/zs.wolczyn.pl\/sp\/i-powiatowy-przeglad-przedstawien-jaselkowych\/\" class=\"read-more\">Czytaj dalej &#8230;<\/a><\/p>\n","protected":false},"author":1,"featured_media":7694,"comment_status":"closed","ping_status":"open","sticky":false,"template":"","format":"standard","meta":{"footnotes":""},"categories":[3],"tags":[],"class_list":["post-7674","post","type-post","status-publish","format-standard","has-post-thumbnail","hentry","category-events"],"_links":{"self":[{"href":"http:\/\/zs.wolczyn.pl\/sp\/wp-json\/wp\/v2\/posts\/7674","targetHints":{"allow":["GET"]}}],"collection":[{"href":"http:\/\/zs.wolczyn.pl\/sp\/wp-json\/wp\/v2\/posts"}],"about":[{"href":"http:\/\/zs.wolczyn.pl\/sp\/wp-json\/wp\/v2\/types\/post"}],"author":[{"embeddable":true,"href":"http:\/\/zs.wolczyn.pl\/sp\/wp-json\/wp\/v2\/users\/1"}],"replies":[{"embeddable":true,"href":"http:\/\/zs.wolczyn.pl\/sp\/wp-json\/wp\/v2\/comments?post=7674"}],"version-history":[{"count":0,"href":"http:\/\/zs.wolczyn.pl\/sp\/wp-json\/wp\/v2\/posts\/7674\/revisions"}],"wp:featuredmedia":[{"embeddable":true,"href":"http:\/\/zs.wolczyn.pl\/sp\/wp-json\/wp\/v2\/media\/7694"}],"wp:attachment":[{"href":"http:\/\/zs.wolczyn.pl\/sp\/wp-json\/wp\/v2\/media?parent=7674"}],"wp:term":[{"taxonomy":"category","embeddable":true,"href":"http:\/\/zs.wolczyn.pl\/sp\/wp-json\/wp\/v2\/categories?post=7674"},{"taxonomy":"post_tag","embeddable":true,"href":"http:\/\/zs.wolczyn.pl\/sp\/wp-json\/wp\/v2\/tags?post=7674"}],"curies":[{"name":"wp","href":"https:\/\/api.w.org\/{rel}","templated":true}]}}