{"id":7740,"date":"2023-02-09T07:00:42","date_gmt":"2023-02-09T07:00:42","guid":{"rendered":"http:\/\/zs.wolczyn.pl\/sp\/?p=7740"},"modified":"2023-02-09T07:03:39","modified_gmt":"2023-02-09T07:03:39","slug":"poetycko-o-slasku","status":"publish","type":"post","link":"http:\/\/zs.wolczyn.pl\/sp\/poetycko-o-slasku\/","title":{"rendered":"Poetycko o \u015al\u0105sku"},"content":{"rendered":"<p>W mro\u017any poranek 8 lutego 2023r. w O\u015brodku Kultury w Byczynie odby\u0142 si\u0119 XXVII Wojew\u00f3dzki Turniej Recytatorski \u201eO Bu\u0142aw\u0119 Hetma\u0144sk\u0105\u201d. O miano najlepszego stan\u0119\u0142o w szranki ponad 50 uczestnik\u00f3w w trzech kategoriach wiekowych. <!--more-->Poziom tegorocznych zmaga\u0144 by\u0142 bardzo wysoki. Jury doceni\u0142o talent i zami\u0142owanie poetyckie naszych uczni\u00f3w. W kategorii szk\u00f3\u0142 podstawowych Pawe\u0142 Grze\u015bkowicz z klasy V B zaj\u0105\u0142 III miejsce a w kategorii szk\u00f3\u0142 ponadpodstawowych Zofia Rogacz (II LO) r\u00f3wnie\u017c zaj\u0119\u0142a III miejsce. Serdecznie gratulujemy.<\/p>\n<p>[ngg src=&#8221;galleries&#8221; ids=&#8221;150&#8243; display=&#8221;basic_thumbnail&#8221; override_thumbnail_settings=&#8221;1&#8243; thumbnail_width=&#8221;250&#8243; thumbnail_height=&#8221;200&#8243; thumbnail_crop=&#8221;0&#8243; number_of_columns=&#8221;3&#8243;]<\/p>\n","protected":false},"excerpt":{"rendered":"<p>W mro\u017any poranek 8 lutego 2023r. w O\u015brodku Kultury w Byczynie odby\u0142 si\u0119 XXVII Wojew\u00f3dzki Turniej Recytatorski \u201eO Bu\u0142aw\u0119 Hetma\u0144sk\u0105\u201d. O miano najlepszego stan\u0119\u0142o w szranki ponad 50 uczestnik\u00f3w w <a href=\"http:\/\/zs.wolczyn.pl\/sp\/poetycko-o-slasku\/\" class=\"read-more\">Czytaj dalej &#8230;<\/a><\/p>\n","protected":false},"author":1,"featured_media":7742,"comment_status":"closed","ping_status":"open","sticky":false,"template":"","format":"standard","meta":{"footnotes":""},"categories":[3],"tags":[],"class_list":["post-7740","post","type-post","status-publish","format-standard","has-post-thumbnail","hentry","category-events"],"_links":{"self":[{"href":"http:\/\/zs.wolczyn.pl\/sp\/wp-json\/wp\/v2\/posts\/7740","targetHints":{"allow":["GET"]}}],"collection":[{"href":"http:\/\/zs.wolczyn.pl\/sp\/wp-json\/wp\/v2\/posts"}],"about":[{"href":"http:\/\/zs.wolczyn.pl\/sp\/wp-json\/wp\/v2\/types\/post"}],"author":[{"embeddable":true,"href":"http:\/\/zs.wolczyn.pl\/sp\/wp-json\/wp\/v2\/users\/1"}],"replies":[{"embeddable":true,"href":"http:\/\/zs.wolczyn.pl\/sp\/wp-json\/wp\/v2\/comments?post=7740"}],"version-history":[{"count":0,"href":"http:\/\/zs.wolczyn.pl\/sp\/wp-json\/wp\/v2\/posts\/7740\/revisions"}],"wp:featuredmedia":[{"embeddable":true,"href":"http:\/\/zs.wolczyn.pl\/sp\/wp-json\/wp\/v2\/media\/7742"}],"wp:attachment":[{"href":"http:\/\/zs.wolczyn.pl\/sp\/wp-json\/wp\/v2\/media?parent=7740"}],"wp:term":[{"taxonomy":"category","embeddable":true,"href":"http:\/\/zs.wolczyn.pl\/sp\/wp-json\/wp\/v2\/categories?post=7740"},{"taxonomy":"post_tag","embeddable":true,"href":"http:\/\/zs.wolczyn.pl\/sp\/wp-json\/wp\/v2\/tags?post=7740"}],"curies":[{"name":"wp","href":"https:\/\/api.w.org\/{rel}","templated":true}]}}