{"id":7762,"date":"2023-02-28T10:29:31","date_gmt":"2023-02-28T10:29:31","guid":{"rendered":"http:\/\/zs.wolczyn.pl\/sp\/?p=7762"},"modified":"2023-02-28T10:29:41","modified_gmt":"2023-02-28T10:29:41","slug":"program-trzymaj-forme","status":"publish","type":"post","link":"http:\/\/zs.wolczyn.pl\/sp\/program-trzymaj-forme\/","title":{"rendered":"Program Trzymaj Form\u0119"},"content":{"rendered":"<p style=\"text-align: left;\"><img loading=\"lazy\" decoding=\"async\" class=\"aligncenter size-large wp-image-7763\" src=\"http:\/\/zs.wolczyn.pl\/sp\/wp-content\/uploads\/2023\/02\/20230104_140953-1024x462.jpg\" alt=\"\" width=\"640\" height=\"289\" srcset=\"http:\/\/zs.wolczyn.pl\/sp\/wp-content\/uploads\/2023\/02\/20230104_140953-1024x462.jpg 1024w, http:\/\/zs.wolczyn.pl\/sp\/wp-content\/uploads\/2023\/02\/20230104_140953-300x135.jpg 300w, http:\/\/zs.wolczyn.pl\/sp\/wp-content\/uploads\/2023\/02\/20230104_140953-768x346.jpg 768w, http:\/\/zs.wolczyn.pl\/sp\/wp-content\/uploads\/2023\/02\/20230104_140953-1536x692.jpg 1536w, http:\/\/zs.wolczyn.pl\/sp\/wp-content\/uploads\/2023\/02\/20230104_140953-2048x923.jpg 2048w\" sizes=\"auto, (max-width: 640px) 100vw, 640px\" \/>W ramach programu profilaktycznego \u201eTrzymaj Form\u0119\u201d klasa 7A uczestniczy\u0142a 4 stycznia br. w zaj\u0119ciach, kt\u00f3re mia\u0142y propagowa\u0107 zdrowy tryb \u017cycia. Celem zaj\u0119\u0107 by\u0142o wykszta\u0142cenie w\u015br\u00f3d uczni\u00f3w klasy zdrowych nawyk\u00f3w \u017cycia, poprzez aktywne sp\u0119dzanie wolnego czasu, prawid\u0142owego stylu \u017cycia, a tak\u017ce wprowadzanie zbilansowanej diety i promowanie aktywno\u015bci fizycznej oraz prawid\u0142owego sposobu od\u017cywiania si\u0119 w szkole i w domu.<br \/>\nPodczas zaj\u0119\u0107 zapoznali\u015bmy si\u0119 z prawid\u0142owymi zasadami od\u017cywiania si\u0119. Wszyscy przynie\u015bli\u015bmy na zaj\u0119cia owoce, kt\u00f3re p\u00f3\u017aniej wsp\u00f3lnie spo\u017cywali\u015bmy na zako\u0144czenie spotkania. Pozyskali\u015bmy r\u00f3wnie\u017c informacj\u0119 na temat aktywno\u015bci fizycznej i znacz\u0105cego wp\u0142ywu sportu na zdrowie ka\u017cdego cz\u0142owieka. Ustalono, \u017ce wszyscy uczniowie b\u0119d\u0105 systematycznie przynosi\u0107 do szko\u0142y owoce, kt\u00f3re b\u0119dziemy spo\u017cywa\u0107 razem z drugim \u015bniadaniem w szkole.<\/p>\n<p style=\"text-align: right;\">\nKlasa 7a<\/p>\n","protected":false},"excerpt":{"rendered":"<p>W ramach programu profilaktycznego \u201eTrzymaj Form\u0119\u201d klasa 7A uczestniczy\u0142a 4 stycznia br. w zaj\u0119ciach, kt\u00f3re mia\u0142y propagowa\u0107 zdrowy tryb \u017cycia. Celem zaj\u0119\u0107 by\u0142o wykszta\u0142cenie w\u015br\u00f3d uczni\u00f3w klasy zdrowych nawyk\u00f3w \u017cycia, <a href=\"http:\/\/zs.wolczyn.pl\/sp\/program-trzymaj-forme\/\" class=\"read-more\">Czytaj dalej &#8230;<\/a><\/p>\n","protected":false},"author":1,"featured_media":7764,"comment_status":"closed","ping_status":"open","sticky":false,"template":"","format":"standard","meta":{"footnotes":""},"categories":[3],"tags":[],"class_list":["post-7762","post","type-post","status-publish","format-standard","has-post-thumbnail","hentry","category-events"],"_links":{"self":[{"href":"http:\/\/zs.wolczyn.pl\/sp\/wp-json\/wp\/v2\/posts\/7762","targetHints":{"allow":["GET"]}}],"collection":[{"href":"http:\/\/zs.wolczyn.pl\/sp\/wp-json\/wp\/v2\/posts"}],"about":[{"href":"http:\/\/zs.wolczyn.pl\/sp\/wp-json\/wp\/v2\/types\/post"}],"author":[{"embeddable":true,"href":"http:\/\/zs.wolczyn.pl\/sp\/wp-json\/wp\/v2\/users\/1"}],"replies":[{"embeddable":true,"href":"http:\/\/zs.wolczyn.pl\/sp\/wp-json\/wp\/v2\/comments?post=7762"}],"version-history":[{"count":0,"href":"http:\/\/zs.wolczyn.pl\/sp\/wp-json\/wp\/v2\/posts\/7762\/revisions"}],"wp:featuredmedia":[{"embeddable":true,"href":"http:\/\/zs.wolczyn.pl\/sp\/wp-json\/wp\/v2\/media\/7764"}],"wp:attachment":[{"href":"http:\/\/zs.wolczyn.pl\/sp\/wp-json\/wp\/v2\/media?parent=7762"}],"wp:term":[{"taxonomy":"category","embeddable":true,"href":"http:\/\/zs.wolczyn.pl\/sp\/wp-json\/wp\/v2\/categories?post=7762"},{"taxonomy":"post_tag","embeddable":true,"href":"http:\/\/zs.wolczyn.pl\/sp\/wp-json\/wp\/v2\/tags?post=7762"}],"curies":[{"name":"wp","href":"https:\/\/api.w.org\/{rel}","templated":true}]}}