{"id":7767,"date":"2023-02-28T10:46:24","date_gmt":"2023-02-28T10:46:24","guid":{"rendered":"http:\/\/zs.wolczyn.pl\/sp\/?p=7767"},"modified":"2024-05-06T11:45:28","modified_gmt":"2024-05-06T11:45:28","slug":"sladami-przeszlosci-czyli-dzien-dinozaura-w-swietlicy-szkolnej","status":"publish","type":"post","link":"http:\/\/zs.wolczyn.pl\/sp\/sladami-przeszlosci-czyli-dzien-dinozaura-w-swietlicy-szkolnej\/","title":{"rendered":"\u015aladami przesz\u0142o\u015bci czyli\u2026 Dzie\u0144 dinozaura w \u015bwietlicy szkolnej!"},"content":{"rendered":"<p>Dnia 27 lutego obchodzili\u015bmy w \u015bwietlicy szkolnej Dzie\u0144 Dinozaura. Z tej okazji dzieci obejrza\u0142y film edukacyjny, kt\u00f3ry pozwoli\u0142 odpowiedzie\u0107 na wiele trudnych pyta\u0144<!--more-->, np. \u201eJak nazywa\u0142 si\u0119 najwi\u0119kszy dinozaur?\u201d, \u201eCzym \u017cywi\u0142y si\u0119 dinozaury?\u201d oraz \u201eW jakiej erze \u017cy\u0142y?\u201d Uczniowie poznali r\u00f3wnie\u017c wiele trudnych wyraz\u00f3w, takich jak: paleontolog, wykopalisko czy prehistoria. Najwi\u0119cej emocji dostarczy\u0142a gra Memory, dzi\u0119ki kt\u00f3rej \u015bwietliczaki pozna\u0142y nazwy tych najwi\u0119kszych drapie\u017cnik\u00f3w w historii Ziemi. Na koniec dzieci wykona\u0142y prace plastyczne \u2013 dinozaury z balon\u00f3w i papieru. By\u0142o ciekawie, aktywnie i kreatywnie!<\/p>\n<p>[ngg src=&#8221;galleries&#8221; ids=&#8221;152&#8243; display=&#8221;basic_slideshow&#8221; arrows=&#8221;1&#8243;]<\/p>\n","protected":false},"excerpt":{"rendered":"<p>Dnia 27 lutego obchodzili\u015bmy w \u015bwietlicy szkolnej Dzie\u0144 Dinozaura. Z tej okazji dzieci obejrza\u0142y film edukacyjny, kt\u00f3ry pozwoli\u0142 odpowiedzie\u0107 na wiele trudnych pyta\u0144<\/p>\n","protected":false},"author":1,"featured_media":7784,"comment_status":"closed","ping_status":"open","sticky":false,"template":"","format":"standard","meta":{"footnotes":""},"categories":[34,3],"tags":[],"class_list":["post-7767","post","type-post","status-publish","format-standard","has-post-thumbnail","hentry","category-na-akt","category-events"],"_links":{"self":[{"href":"http:\/\/zs.wolczyn.pl\/sp\/wp-json\/wp\/v2\/posts\/7767","targetHints":{"allow":["GET"]}}],"collection":[{"href":"http:\/\/zs.wolczyn.pl\/sp\/wp-json\/wp\/v2\/posts"}],"about":[{"href":"http:\/\/zs.wolczyn.pl\/sp\/wp-json\/wp\/v2\/types\/post"}],"author":[{"embeddable":true,"href":"http:\/\/zs.wolczyn.pl\/sp\/wp-json\/wp\/v2\/users\/1"}],"replies":[{"embeddable":true,"href":"http:\/\/zs.wolczyn.pl\/sp\/wp-json\/wp\/v2\/comments?post=7767"}],"version-history":[{"count":0,"href":"http:\/\/zs.wolczyn.pl\/sp\/wp-json\/wp\/v2\/posts\/7767\/revisions"}],"wp:featuredmedia":[{"embeddable":true,"href":"http:\/\/zs.wolczyn.pl\/sp\/wp-json\/wp\/v2\/media\/7784"}],"wp:attachment":[{"href":"http:\/\/zs.wolczyn.pl\/sp\/wp-json\/wp\/v2\/media?parent=7767"}],"wp:term":[{"taxonomy":"category","embeddable":true,"href":"http:\/\/zs.wolczyn.pl\/sp\/wp-json\/wp\/v2\/categories?post=7767"},{"taxonomy":"post_tag","embeddable":true,"href":"http:\/\/zs.wolczyn.pl\/sp\/wp-json\/wp\/v2\/tags?post=7767"}],"curies":[{"name":"wp","href":"https:\/\/api.w.org\/{rel}","templated":true}]}}