{"id":7812,"date":"2023-03-17T12:12:36","date_gmt":"2023-03-17T12:12:36","guid":{"rendered":"http:\/\/zs.wolczyn.pl\/sp\/?p=7812"},"modified":"2023-03-17T12:12:47","modified_gmt":"2023-03-17T12:12:47","slug":"slowo-ma-moc","status":"publish","type":"post","link":"http:\/\/zs.wolczyn.pl\/sp\/slowo-ma-moc\/","title":{"rendered":"S\u0142owo ma moc!"},"content":{"rendered":"<p>S\u0142owo ma moc!<br>Pod takim has\u0142em przebiega\u0142y w naszej szkole obchody Mi\u0119dzynarodowego Dnia J\u0119zyka Ojczystego. Na lekcjach nauczyciele j\u0119zyka polskiego realizowali szkolny projekt, kt\u00f3rego celem by\u0142a zabawa s\u0142owem.<\/p>\n<p>Uczniowie klas czwartych i pi\u0105tych zmierzyli si\u0119 z homonimami i homofonami. <br>Homonimy to nic innego jak wyrazy o identycznej pisowni lub wymowie. Znacz\u0105 jednak zupe\u0142nie co innego np. zamek \u2013 w drzwiach lub budowla.<br>Natomiast homofony to koszmar nie jednego ucznia. S\u0105 to wyrazy, kt\u00f3re brzmi\u0105 identycznie, mimo r\u00f3\u017cnej pisowni i innego kontekstu\/znaczenia. W czasie zaj\u0119\u0107 uk\u0142adano puzzle j\u0119zykowe i dopisywano do nich definicje.<\/p>\n[ngg src=&#8221;galleries&#8221; ids=&#8221;154&#8243; display=&#8221;basic_thumbnail&#8221; thumbnail_crop=&#8221;0&#8243; number_of_columns=&#8221;3&#8243;]\n\n\n<p>Drugie zadanie to praca plastyczna dotycz\u0105ca poznanego zagadnienia.<\/p>\n\n\n\n[ngg src=&#8221;galleries&#8221; ids=&#8221;155&#8243; display=&#8221;basic_thumbnail&#8221; thumbnail_crop=&#8221;0&#8243; number_of_columns=&#8221;3&#8243;]\n\n\n\n<p>Klasy sz\u00f3ste, si\u00f3dma i \u00f3sme utrwali\u0142y zwi\u0105zki frazeologiczne, pozna\u0142y ich budow\u0119 i znaczenie. Przygotowano r\u00f3wnie\u017c wystaw\u0119 prac.<\/p>\n\n\n\n[ngg src=&#8221;galleries&#8221; ids=&#8221;156&#8243; display=&#8221;basic_thumbnail&#8221; thumbnail_crop=&#8221;0&#8243; number_of_columns=&#8221;3&#8243;]\n\n\n\n<p>Na podsumowanie zosta\u0142 zorganizowany konkurs szkolny po\u015bwi\u0119cony zwi\u0105zkom frazeologicznym.<\/p>\n\n\n\n[ngg src=&#8221;galleries&#8221; ids=&#8221;157&#8243; display=&#8221;basic_thumbnail&#8221; thumbnail_crop=&#8221;0&#8243; number_of_columns=&#8221;3&#8243;]\n\n\n\n<p>Klasy licealne r\u00f3wnie\u017c w\u0142\u0105czy\u0142y si\u0119 do realizacji projektu. Frazeologizmy tematycznie zwi\u0105zane z rycerstwem nie stanowi\u0105 ju\u017c dla nich \u017cadnego problemu. Efekt ko\u0144cowy \u2013 wystawa.<\/p>\n","protected":false},"excerpt":{"rendered":"<p>S\u0142owo ma moc!Pod takim has\u0142em przebiega\u0142y w naszej szkole obchody Mi\u0119dzynarodowego Dnia J\u0119zyka Ojczystego. Na lekcjach nauczyciele j\u0119zyka polskiego realizowali szkolny projekt, kt\u00f3rego celem by\u0142a zabawa s\u0142owem. Uczniowie klas czwartych <a href=\"http:\/\/zs.wolczyn.pl\/sp\/slowo-ma-moc\/\" class=\"read-more\">Czytaj dalej &#8230;<\/a><\/p>\n","protected":false},"author":1,"featured_media":7839,"comment_status":"closed","ping_status":"open","sticky":false,"template":"","format":"standard","meta":{"footnotes":""},"categories":[3],"tags":[],"class_list":["post-7812","post","type-post","status-publish","format-standard","has-post-thumbnail","hentry","category-events"],"_links":{"self":[{"href":"http:\/\/zs.wolczyn.pl\/sp\/wp-json\/wp\/v2\/posts\/7812","targetHints":{"allow":["GET"]}}],"collection":[{"href":"http:\/\/zs.wolczyn.pl\/sp\/wp-json\/wp\/v2\/posts"}],"about":[{"href":"http:\/\/zs.wolczyn.pl\/sp\/wp-json\/wp\/v2\/types\/post"}],"author":[{"embeddable":true,"href":"http:\/\/zs.wolczyn.pl\/sp\/wp-json\/wp\/v2\/users\/1"}],"replies":[{"embeddable":true,"href":"http:\/\/zs.wolczyn.pl\/sp\/wp-json\/wp\/v2\/comments?post=7812"}],"version-history":[{"count":0,"href":"http:\/\/zs.wolczyn.pl\/sp\/wp-json\/wp\/v2\/posts\/7812\/revisions"}],"wp:featuredmedia":[{"embeddable":true,"href":"http:\/\/zs.wolczyn.pl\/sp\/wp-json\/wp\/v2\/media\/7839"}],"wp:attachment":[{"href":"http:\/\/zs.wolczyn.pl\/sp\/wp-json\/wp\/v2\/media?parent=7812"}],"wp:term":[{"taxonomy":"category","embeddable":true,"href":"http:\/\/zs.wolczyn.pl\/sp\/wp-json\/wp\/v2\/categories?post=7812"},{"taxonomy":"post_tag","embeddable":true,"href":"http:\/\/zs.wolczyn.pl\/sp\/wp-json\/wp\/v2\/tags?post=7812"}],"curies":[{"name":"wp","href":"https:\/\/api.w.org\/{rel}","templated":true}]}}