{"id":7863,"date":"2023-03-23T09:37:24","date_gmt":"2023-03-23T09:37:24","guid":{"rendered":"http:\/\/zs.wolczyn.pl\/sp\/?p=7863"},"modified":"2024-05-07T08:24:47","modified_gmt":"2024-05-07T08:24:47","slug":"szkolny-konkurs-pieknego-czytania","status":"publish","type":"post","link":"http:\/\/zs.wolczyn.pl\/sp\/szkolny-konkurs-pieknego-czytania\/","title":{"rendered":"Szkolny Konkurs Pi\u0119knego Czytania"},"content":{"rendered":"\n<div class=\"x1ed109x x1iyjqo2 x5yr21d x1n2onr6 xh8yej3\" role=\"presentation\">\n<div class=\"x9f619 x1iyjqo2 xg7h5cd x1swvt13 x1n2onr6 xh8yej3 x1ja2u2z x11eofan\">\n<div class=\"x78zum5 xl56j7k\">\n<div class=\"x76ihet xwmqs3e x112ta8 xxxdfa6 x9f619 xzsf02u xmper1u xo1l8bm x5yr21d x1a2a7pz x1iorvi4 x4uap5 xwib8y2 xkhd6sd xh8yej3 xha3pab x6prxxf xvq8zen\">\n<div class=\"xzsf02u x1a2a7pz x1n2onr6 x14wi4xw x9f619 x1lliihq x5yr21d xh8yej3 notranslate\" tabindex=\"0\" role=\"textbox\" spellcheck=\"true\" aria-label=\"Co s\u0142ycha\u0107?\" data-lexical-editor=\"true\" contenteditable=\"true\">\n<p class=\"xdj266r x11i5rnm xat24cr x1mh8g0r x16tdsg8 xdpxx8g\" dir=\"ltr\"><span data-lexical-text=\"true\">20 marca 2023 r. w Bibliotece Szkolnej odby\u0142 si\u0119 Szkolny Konkurs Pi\u0119knego Czytania, kt\u00f3ry wpisa\u0142 si\u0119 w szkolne obchody Roku Aleksandra Fredry.<\/span><br><span data-lexical-text=\"true\">Oto wyniki zmaga\u0144:<\/span><br><span data-lexical-text=\"true\">Klasy 4 \u2013 6 szko\u0142y podstawowej<\/span><br><span data-lexical-text=\"true\">I m. Pawe\u0142 Grze\u015bkowicz (5b)<\/span><br><span data-lexical-text=\"true\">II m. Jakub Krawiec (4c)<\/span><br><span data-lexical-text=\"true\">III m. Klara Krzyszta\u0142owicz (5c)<\/span><br><br><span data-lexical-text=\"true\">Klasy 7 \u2013 8 SP szko\u0142y podstawowej<\/span><br><span data-lexical-text=\"true\">I m. Jakub Mordarski (8c)<\/span><br><span data-lexical-text=\"true\">II m. Paulina Krupa (8d)<\/span><br><span data-lexical-text=\"true\">III m. Miko\u0142aj Wi\u015bniewski (8b)<\/span><br><br><span data-lexical-text=\"true\">Klasy 1 \u2013 4 liceum og\u00f3lnokszta\u0142c\u0105cego<\/span><br><span data-lexical-text=\"true\">I m. Zuzanna \u015apiewak (2 LO)<\/span><br><span data-lexical-text=\"true\">II m. Kamila M\u0119drecka (1b LO)<\/span><br><br><span data-lexical-text=\"true\">Dzi\u0119kujemy uczestniczkom i uczestnikom za udzia\u0142 i gratulujemy nagrodzonym.<\/span><\/p>\n<p dir=\"ltr\">&nbsp;<\/p>\n<p dir=\"ltr\">&nbsp;<\/p>\n<\/div>\n<\/div>\n<\/div>\n<\/div>\n<\/div>\n\n\n\n[ngg src=&#8221;galleries&#8221; ids=&#8221;159&#8243; display=&#8221;basic_slideshow&#8221; arrows=&#8221;1&#8243; transition_style=&#8221;slide&#8221;]\n","protected":false},"excerpt":{"rendered":"<p>20 marca 2023 r. w Bibliotece Szkolnej odby\u0142 si\u0119 Szkolny Konkurs Pi\u0119knego Czytania, kt\u00f3ry wpisa\u0142 si\u0119 w szkolne obchody Roku Aleksandra Fredry.Oto wyniki zmaga\u0144:Klasy 4 \u2013 6 szko\u0142y podstawowejI m. <a href=\"http:\/\/zs.wolczyn.pl\/sp\/szkolny-konkurs-pieknego-czytania\/\" class=\"read-more\">Czytaj dalej &#8230;<\/a><\/p>\n","protected":false},"author":1,"featured_media":7875,"comment_status":"closed","ping_status":"open","sticky":false,"template":"","format":"standard","meta":{"footnotes":""},"categories":[23,31,3],"tags":[],"class_list":["post-7863","post","type-post","status-publish","format-standard","has-post-thumbnail","hentry","category-biblioteka","category-wydarzenia","category-events"],"_links":{"self":[{"href":"http:\/\/zs.wolczyn.pl\/sp\/wp-json\/wp\/v2\/posts\/7863","targetHints":{"allow":["GET"]}}],"collection":[{"href":"http:\/\/zs.wolczyn.pl\/sp\/wp-json\/wp\/v2\/posts"}],"about":[{"href":"http:\/\/zs.wolczyn.pl\/sp\/wp-json\/wp\/v2\/types\/post"}],"author":[{"embeddable":true,"href":"http:\/\/zs.wolczyn.pl\/sp\/wp-json\/wp\/v2\/users\/1"}],"replies":[{"embeddable":true,"href":"http:\/\/zs.wolczyn.pl\/sp\/wp-json\/wp\/v2\/comments?post=7863"}],"version-history":[{"count":0,"href":"http:\/\/zs.wolczyn.pl\/sp\/wp-json\/wp\/v2\/posts\/7863\/revisions"}],"wp:featuredmedia":[{"embeddable":true,"href":"http:\/\/zs.wolczyn.pl\/sp\/wp-json\/wp\/v2\/media\/7875"}],"wp:attachment":[{"href":"http:\/\/zs.wolczyn.pl\/sp\/wp-json\/wp\/v2\/media?parent=7863"}],"wp:term":[{"taxonomy":"category","embeddable":true,"href":"http:\/\/zs.wolczyn.pl\/sp\/wp-json\/wp\/v2\/categories?post=7863"},{"taxonomy":"post_tag","embeddable":true,"href":"http:\/\/zs.wolczyn.pl\/sp\/wp-json\/wp\/v2\/tags?post=7863"}],"curies":[{"name":"wp","href":"https:\/\/api.w.org\/{rel}","templated":true}]}}