{"id":7968,"date":"2023-05-05T09:44:38","date_gmt":"2023-05-05T09:44:38","guid":{"rendered":"http:\/\/zs.wolczyn.pl\/sp\/?p=7968"},"modified":"2024-10-15T11:21:36","modified_gmt":"2024-10-15T11:21:36","slug":"xiv-miedzyszkolny-konkurs-papieski","status":"publish","type":"post","link":"http:\/\/zs.wolczyn.pl\/sp\/xiv-miedzyszkolny-konkurs-papieski\/","title":{"rendered":"XIV Mi\u0119dzyszkolny Konkurs Papieski"},"content":{"rendered":"<p>&nbsp;&nbsp;&nbsp;&nbsp;&nbsp;&nbsp;&nbsp;&nbsp;&nbsp; Jan Pawe\u0142 II &#8211; Papie\u017c Tysi\u0105clecia &#8211; Piotr Naszych Czas\u00f3w, Serce \u2013 Serc, to posta\u0107, kt\u00f3ra w nas, Polakach, wywo\u0142uje szczeg\u00f3lnie g\u0142\u0119bokie uczucia. By uczci\u0107 Jego pami\u0119\u0107, 26 kwietnia 2023 roku, odby\u0142a si\u0119 w naszej szkole kolejna, czternasta ju\u017c edycja Mi\u0119dzyszkolnego Konkursu Papieskiego, kt\u00f3ra przebiega\u0142a pod has\u0142em: \u201eRodzina w nauczaniu Jana Paw\u0142a II\u201d.<!--more--><br>Go\u015bcili\u015bmy naczelnika Wydzia\u0142u Edukacji, Kultury, Sportu i Rekreacji p. Marcina Kaczmarczyka, reprezentant\u00f3w ze Szko\u0142y Podstawowej nr 3 im. Kardyna\u0142a Stefana Wyszy\u0144skiego w Praszce wraz z opiekunem ksi\u0119dzem Tomaszem Kanusem oraz uczni\u00f3w naszej szko\u0142y, kt\u00f3rych do konkursu przygotowa\u0142 brat Artur Kubicz. Szacownych go\u015bci powita\u0142a dyrektor Zespo\u0142u Szk\u00f3\u0142 w Wo\u0142czynie p. Ewa W\u0142os.<br>&nbsp;&nbsp;&nbsp;&nbsp;&nbsp;&nbsp;&nbsp;&nbsp;&nbsp; Rodzina w nauczaniu Jana Paw\u0142a II zajmowa\u0142a szczeg\u00f3lne miejsce. Papie\u017c nobilitowa\u0142 jej warto\u015b\u0107 nie tylko jako g\u0142owa Stolicy Apostolskiej, ale r\u00f3wnie\u017c w rodzinie upatrywa\u0142 najwi\u0119ksz\u0105 si\u0142\u0119 nap\u0119dow\u0105 dla rozwoju dziej\u00f3w. Uwa\u017ca\u0142, \u017ce jest Ona \u0142\u0105cznikiem z nasz\u0105 przesz\u0142o\u015bci\u0105 i mostem do naszej przysz\u0142o\u015bci.<br>Pytania konkursowe, kt\u00f3re przygotowa\u0142 brat Krzysztof Mleczkowski, by\u0142y wielkim wyzwaniem dla uczestnik\u00f3w. Musieli si\u0119 oni wykaza\u0107 bardzo dobr\u0105 znajomo\u015bci\u0105 biografii i tw\u00f3rczo\u015bci Jana Paw\u0142a II. Oto wyniki:<br><strong>I miejsce &#8211; Oliwia Stecko SP Wo\u0142czyn<\/strong><br><strong>II miejsce \u2013 Karolina Kurczewska SP Wo\u0142czyn<\/strong><br><strong>III miejsce \u2013 Lena Klimek SP Praszka<\/strong><br>Serdecznie gratulujemy zwyci\u0119zcom i \u017cyczymy dalszych sukces\u00f3w.<br>&nbsp;&nbsp;&nbsp;&nbsp;&nbsp;&nbsp;&nbsp;&nbsp;&nbsp; Z tego miejsca pragniemy serdecznie podzi\u0119kowa\u0107 naszym sponsorom: Instytutowi Jana Paw\u0142a II w Warszawie oraz Burmistrzowi Wo\u0142czyna \u2013 panu Janowi Leszkowi Wi\u0105ckowi. Bez ich zaanga\u017cowania i wsparcia finansowego nie mogliby\u015bmy zorganizowa\u0107 tego mi\u0119dzyszkolnego turnieju. <br>W czasie, gdy komisja sprawdza\u0142a prace konkursowe, uczniowie zaprezentowali publiczno\u015bci monta\u017c s\u0142owno\u2013 muzyczny po\u015bwi\u0119cony naszemu Patronowi. Przedstawili ciekawostki z lat szkolnych i m\u0142odzie\u0144czych tego wybitnego Polaka. Na zako\u0144czeni obejrzeli\u015bmy prezentacj\u0119 multimedialn\u0105 pt. \u201ePapie\u017c zza \u017celaznej kurtyny\u201d. Pami\u0119tajmy, \u017ce by\u0142 ON niezwyk\u0142ym Cz\u0142owiekiem. Jego \u017cycie i pontyfikat zmieni\u0142y losy wielu ludzi, a nawet narod\u00f3w. Na zawsze pozostanie w my\u015blach i sercach ka\u017cdego z nas.<\/p>\n<p>&nbsp;<\/p>\n\n\n[ngg src=&#8221;galleries&#8221; ids=&#8221;163&#8243; display=&#8221;basic_thumbnail&#8221; thumbnail_crop=&#8221;0&#8243; images_per_page=&#8221;12&#8243; number_of_columns=&#8221;3&#8243;]\n","protected":false},"excerpt":{"rendered":"<p>&nbsp;&nbsp;&nbsp;&nbsp;&nbsp;&nbsp;&nbsp;&nbsp;&nbsp; Jan Pawe\u0142 II &#8211; Papie\u017c Tysi\u0105clecia &#8211; Piotr Naszych Czas\u00f3w, Serce \u2013 Serc, to posta\u0107, kt\u00f3ra w nas, Polakach, wywo\u0142uje szczeg\u00f3lnie g\u0142\u0119bokie uczucia. By uczci\u0107 Jego pami\u0119\u0107, 26 kwietnia <a href=\"http:\/\/zs.wolczyn.pl\/sp\/xiv-miedzyszkolny-konkurs-papieski\/\" class=\"read-more\">Czytaj dalej &#8230;<\/a><\/p>\n","protected":false},"author":1,"featured_media":8033,"comment_status":"closed","ping_status":"open","sticky":false,"template":"","format":"standard","meta":{"footnotes":""},"categories":[36,3],"tags":[],"class_list":["post-7968","post","type-post","status-publish","format-standard","has-post-thumbnail","hentry","category-nasz-patron","category-events"],"_links":{"self":[{"href":"http:\/\/zs.wolczyn.pl\/sp\/wp-json\/wp\/v2\/posts\/7968","targetHints":{"allow":["GET"]}}],"collection":[{"href":"http:\/\/zs.wolczyn.pl\/sp\/wp-json\/wp\/v2\/posts"}],"about":[{"href":"http:\/\/zs.wolczyn.pl\/sp\/wp-json\/wp\/v2\/types\/post"}],"author":[{"embeddable":true,"href":"http:\/\/zs.wolczyn.pl\/sp\/wp-json\/wp\/v2\/users\/1"}],"replies":[{"embeddable":true,"href":"http:\/\/zs.wolczyn.pl\/sp\/wp-json\/wp\/v2\/comments?post=7968"}],"version-history":[{"count":0,"href":"http:\/\/zs.wolczyn.pl\/sp\/wp-json\/wp\/v2\/posts\/7968\/revisions"}],"wp:featuredmedia":[{"embeddable":true,"href":"http:\/\/zs.wolczyn.pl\/sp\/wp-json\/wp\/v2\/media\/8033"}],"wp:attachment":[{"href":"http:\/\/zs.wolczyn.pl\/sp\/wp-json\/wp\/v2\/media?parent=7968"}],"wp:term":[{"taxonomy":"category","embeddable":true,"href":"http:\/\/zs.wolczyn.pl\/sp\/wp-json\/wp\/v2\/categories?post=7968"},{"taxonomy":"post_tag","embeddable":true,"href":"http:\/\/zs.wolczyn.pl\/sp\/wp-json\/wp\/v2\/tags?post=7968"}],"curies":[{"name":"wp","href":"https:\/\/api.w.org\/{rel}","templated":true}]}}