{"id":8054,"date":"2023-05-11T06:20:59","date_gmt":"2023-05-11T06:20:59","guid":{"rendered":"http:\/\/zs.wolczyn.pl\/sp\/?p=8054"},"modified":"2023-05-11T06:24:49","modified_gmt":"2023-05-11T06:24:49","slug":"obchody-rocznicy-uchwalenia-konstytucji-3-maja-w-zs-w-wolczynie","status":"publish","type":"post","link":"http:\/\/zs.wolczyn.pl\/sp\/obchody-rocznicy-uchwalenia-konstytucji-3-maja-w-zs-w-wolczynie\/","title":{"rendered":"Obchody rocznicy uchwalenia Konstytucji 3 maja w ZS w Wo\u0142czynie"},"content":{"rendered":"<p>Po przerwie spowodowanej pandemi\u0105 w tym roku szkolnym mogli\u015bmy wr\u00f3ci\u0107 do organizacji tradycyjnych uroczysto\u015bci szkolnych. <!--more-->Tak wi\u0119c z okazji 232. rocznicy uchwalenia konstytucji majowej uczniowie naszego liceum i kl. 8E pod opiek\u0105 nauczyciela historii B. Kwiato\u0144 Czernik przygotowali akademi\u0119 w formie monta\u017cu s\u0142owno-muzycznego. Wcielaj\u0105c si\u0119 w postaci pos\u0142\u00f3w, kr\u00f3la i innych polityk\u00f3w o\u015bwieceniowych, przypomnieli o okoliczno\u015bciach historycznych uchwalenia konstytucji oraz o jej postanowieniach. Zwr\u00f3cili\u015bmy uwag\u0119 na te warto\u015bci, kt\u00f3re w Ustawie Rz\u0105dowej z 3 maja 1791 r. maj\u0105 charakter ponadczasowy: ide\u0119 silnego i nowoczesnego pa\u0144stwa, zasad\u0119 suwerenno\u015bci Narodu, obowi\u0105zki obywatelskie, ale tak\u017ce na to, co nikczemne w naszej historii, czyli na problem zdrady, kt\u00f3rej symbolem sta\u0142a si\u0119 Targowica.&nbsp; No c\u00f3\u017c, <em>Historia vitae magistra est<\/em>. Pod warunkiem, \u017ce chcemy si\u0119 jej uczy\u0107.<\/p>\n<p>[ngg src=&#8221;galleries&#8221; ids=&#8221;164&#8243; display=&#8221;basic_thumbnail&#8221; thumbnail_crop=&#8221;0&#8243; number_of_columns=&#8221;4&#8243; show_slideshow_link=&#8221;1&#8243; slideshow_link_text=&#8221;Pokaz slajd\u00f3w&#8221;]<\/p>\n","protected":false},"excerpt":{"rendered":"<p>Po przerwie spowodowanej pandemi\u0105 w tym roku szkolnym mogli\u015bmy wr\u00f3ci\u0107 do organizacji tradycyjnych uroczysto\u015bci szkolnych.<\/p>\n","protected":false},"author":1,"featured_media":8088,"comment_status":"closed","ping_status":"open","sticky":false,"template":"","format":"standard","meta":{"footnotes":""},"categories":[3],"tags":[],"class_list":["post-8054","post","type-post","status-publish","format-standard","has-post-thumbnail","hentry","category-events"],"_links":{"self":[{"href":"http:\/\/zs.wolczyn.pl\/sp\/wp-json\/wp\/v2\/posts\/8054","targetHints":{"allow":["GET"]}}],"collection":[{"href":"http:\/\/zs.wolczyn.pl\/sp\/wp-json\/wp\/v2\/posts"}],"about":[{"href":"http:\/\/zs.wolczyn.pl\/sp\/wp-json\/wp\/v2\/types\/post"}],"author":[{"embeddable":true,"href":"http:\/\/zs.wolczyn.pl\/sp\/wp-json\/wp\/v2\/users\/1"}],"replies":[{"embeddable":true,"href":"http:\/\/zs.wolczyn.pl\/sp\/wp-json\/wp\/v2\/comments?post=8054"}],"version-history":[{"count":0,"href":"http:\/\/zs.wolczyn.pl\/sp\/wp-json\/wp\/v2\/posts\/8054\/revisions"}],"wp:featuredmedia":[{"embeddable":true,"href":"http:\/\/zs.wolczyn.pl\/sp\/wp-json\/wp\/v2\/media\/8088"}],"wp:attachment":[{"href":"http:\/\/zs.wolczyn.pl\/sp\/wp-json\/wp\/v2\/media?parent=8054"}],"wp:term":[{"taxonomy":"category","embeddable":true,"href":"http:\/\/zs.wolczyn.pl\/sp\/wp-json\/wp\/v2\/categories?post=8054"},{"taxonomy":"post_tag","embeddable":true,"href":"http:\/\/zs.wolczyn.pl\/sp\/wp-json\/wp\/v2\/tags?post=8054"}],"curies":[{"name":"wp","href":"https:\/\/api.w.org\/{rel}","templated":true}]}}