{"id":8173,"date":"2023-05-31T12:19:47","date_gmt":"2023-05-31T12:19:47","guid":{"rendered":"http:\/\/zs.wolczyn.pl\/sp\/?p=8173"},"modified":"2023-06-02T09:54:53","modified_gmt":"2023-06-02T09:54:53","slug":"wyniki-ogolnopolskiej-olimpiady-olimpusek","status":"publish","type":"post","link":"http:\/\/zs.wolczyn.pl\/sp\/wyniki-ogolnopolskiej-olimpiady-olimpusek\/","title":{"rendered":"Wyniki Og\u00f3lnopolskiej Olimpiady Olimpusek"},"content":{"rendered":"<p>Bardzo mi\u0142o jest nam poinformowa\u0107, \u017ce a\u017c 15 uczni\u00f3w naszej szko\u0142y z klas 1-3 zosta\u0142o Laureatami Og\u00f3lnopolskiej Olimpiady Olimpusek. Niekt\u00f3rzy z uczni\u00f3w zostali laureatami w kilku olimpiadach.<!--more--><\/p>\n<p>1. Amelia Zubrzycka kl. 2c &#8211; Laureatka w 3 olimpiadach:<br \/>\nX miejsce J\u0119zyk Angielski<br \/>\nXI miejsce Matematyka<br \/>\nXII miejsce J\u0119zyk Polski<\/p>\n<p>2. Anna Augustowicz kl. 1a &#8211; Laureatka w 2 olimpiadach:<br \/>\nIV miejsce J\u0119zyk Polski<br \/>\nXI miejsce Matematyka<\/p>\n<p>3. Olivia D\u0142ubak kl. 3a &#8211; Laureatka w 2 olimpiadach:<br \/>\nXV miejsce J\u0119zyk Polski<br \/>\nXI miejsce J\u0119zyk Angielski<\/p>\n<p>Laureaci Olimpiady z J\u0119zyka Polskiego:<br \/>\n1. Dorota Kope\u0107 kl. 2c &#8211; V miejsce<br \/>\n2. Liliana Cierkosz kl. 2c &#8211; XII miejsce<br \/>\n3. Zuzanna Lipieta kl. 2c &#8211; XIV miejsce<br \/>\n4. Monika Szymczyszyn kl. 3b &#8211; XV miejsce<\/p>\n<p>Laureaci Olimpiady z Matematyki:<br \/>\n1. Amelia Pasternak kl. 3a &#8211; IV miejsce<br \/>\n2. Martyna Stecko kl. 1c &#8211; VI miejsce<br \/>\n3. Aleksander Malejki kl. 2c &#8211; VII miejsce<br \/>\n4. Franciszek Koss kl. 1b &#8211; IX miejsce<br \/>\n5. Aleksander Tarka kl. 1a &#8211; XI miejsce<br \/>\n6. Karolina Dambowy kl. 1c &#8211; XI miejsce<br \/>\n7. Aleksandra Antkowiak kl. 1b &#8211; XI miejsce<br \/>\n8. Antonina Pieckielun kl. 3b &#8211; XI miejsce<\/p>\n<p>Serdecznie Gratulujemy Laureatom i \u017cyczymy dalszych sukces\u00f3w.<\/p>\n<p>Dzi\u0119kujemy za udzia\u0142 Wszystkim uczestnikom Olimpiady.<\/p>\n<p>Zapraszamy za rok:)<\/p>\n<p style=\"text-align: right;\">Koordynatorzy Olimpiady:<br \/>\nJustyna Cha\u0142ubiec<br \/>\nMa\u0142gorzata Kiepura<br \/>\nPatrycja Kozera<\/p>\n","protected":false},"excerpt":{"rendered":"<p>Bardzo mi\u0142o jest nam poinformowa\u0107, \u017ce a\u017c 15 uczni\u00f3w naszej szko\u0142y z klas 1-3 zosta\u0142o Laureatami Og\u00f3lnopolskiej Olimpiady Olimpusek. Niekt\u00f3rzy z uczni\u00f3w zostali laureatami w kilku olimpiadach.<\/p>\n","protected":false},"author":1,"featured_media":8174,"comment_status":"closed","ping_status":"open","sticky":false,"template":"","format":"standard","meta":{"footnotes":""},"categories":[3],"tags":[],"class_list":["post-8173","post","type-post","status-publish","format-standard","has-post-thumbnail","hentry","category-events"],"_links":{"self":[{"href":"http:\/\/zs.wolczyn.pl\/sp\/wp-json\/wp\/v2\/posts\/8173","targetHints":{"allow":["GET"]}}],"collection":[{"href":"http:\/\/zs.wolczyn.pl\/sp\/wp-json\/wp\/v2\/posts"}],"about":[{"href":"http:\/\/zs.wolczyn.pl\/sp\/wp-json\/wp\/v2\/types\/post"}],"author":[{"embeddable":true,"href":"http:\/\/zs.wolczyn.pl\/sp\/wp-json\/wp\/v2\/users\/1"}],"replies":[{"embeddable":true,"href":"http:\/\/zs.wolczyn.pl\/sp\/wp-json\/wp\/v2\/comments?post=8173"}],"version-history":[{"count":0,"href":"http:\/\/zs.wolczyn.pl\/sp\/wp-json\/wp\/v2\/posts\/8173\/revisions"}],"wp:featuredmedia":[{"embeddable":true,"href":"http:\/\/zs.wolczyn.pl\/sp\/wp-json\/wp\/v2\/media\/8174"}],"wp:attachment":[{"href":"http:\/\/zs.wolczyn.pl\/sp\/wp-json\/wp\/v2\/media?parent=8173"}],"wp:term":[{"taxonomy":"category","embeddable":true,"href":"http:\/\/zs.wolczyn.pl\/sp\/wp-json\/wp\/v2\/categories?post=8173"},{"taxonomy":"post_tag","embeddable":true,"href":"http:\/\/zs.wolczyn.pl\/sp\/wp-json\/wp\/v2\/tags?post=8173"}],"curies":[{"name":"wp","href":"https:\/\/api.w.org\/{rel}","templated":true}]}}