{"id":8186,"date":"2023-06-02T09:29:39","date_gmt":"2023-06-02T09:29:39","guid":{"rendered":"http:\/\/zs.wolczyn.pl\/sp\/?p=8186"},"modified":"2023-06-02T09:59:26","modified_gmt":"2023-06-02T09:59:26","slug":"rajd-z-flaga-gra-terenowa-klasy-5b","status":"publish","type":"post","link":"http:\/\/zs.wolczyn.pl\/sp\/rajd-z-flaga-gra-terenowa-klasy-5b\/","title":{"rendered":"Rajd z flag\u0105 &#8211; gra terenowa klasy 5b"},"content":{"rendered":"<p>Maj to szczeg\u00f3lny miesi\u0105c. Obchodzimy \u015awi\u0119to Flagi, \u015bwi\u0119tujemy rocznic\u0119 uchwalenia Konstytucji 3 maja i Dzie\u0144 Samorz\u0105du Terytorialnego. Wspominamy przyst\u0105pienie Polski do UE. <!--more--><br \/>\nWszystko to sta\u0142o si\u0119 inspiracj\u0105 do zorganizowania gry terenowej \u201eRajd z flag\u0105\u201d.<br \/>\nUczniowie klasy 5b przy 5 stacjach zmierzyli si\u0119 z zadaniami tematycznie zwi\u0105zanymi z Polsk\u0105 i Wo\u0142czynem. Odkodowali te\u017c has\u0142o rajdu. Zabawa by\u0142a przednia.<br \/>\nZapraszamy do galerii.<\/p>\n<p>[ngg src=&#8221;galleries&#8221; ids=&#8221;168&#8243; display=&#8221;basic_thumbnail&#8221; thumbnail_crop=&#8221;0&#8243; number_of_columns=&#8221;3&#8243; show_slideshow_link=&#8221;1&#8243; slideshow_link_text=&#8221;Poka\u017c wszystkie&#8221;]<\/p>\n","protected":false},"excerpt":{"rendered":"<p>Maj to szczeg\u00f3lny miesi\u0105c. Obchodzimy \u015awi\u0119to Flagi, \u015bwi\u0119tujemy rocznic\u0119 uchwalenia Konstytucji 3 maja i Dzie\u0144 Samorz\u0105du Terytorialnego. Wspominamy przyst\u0105pienie Polski do UE.<\/p>\n","protected":false},"author":1,"featured_media":8223,"comment_status":"closed","ping_status":"open","sticky":false,"template":"","format":"standard","meta":{"footnotes":""},"categories":[3],"tags":[],"class_list":["post-8186","post","type-post","status-publish","format-standard","has-post-thumbnail","hentry","category-events"],"_links":{"self":[{"href":"http:\/\/zs.wolczyn.pl\/sp\/wp-json\/wp\/v2\/posts\/8186","targetHints":{"allow":["GET"]}}],"collection":[{"href":"http:\/\/zs.wolczyn.pl\/sp\/wp-json\/wp\/v2\/posts"}],"about":[{"href":"http:\/\/zs.wolczyn.pl\/sp\/wp-json\/wp\/v2\/types\/post"}],"author":[{"embeddable":true,"href":"http:\/\/zs.wolczyn.pl\/sp\/wp-json\/wp\/v2\/users\/1"}],"replies":[{"embeddable":true,"href":"http:\/\/zs.wolczyn.pl\/sp\/wp-json\/wp\/v2\/comments?post=8186"}],"version-history":[{"count":0,"href":"http:\/\/zs.wolczyn.pl\/sp\/wp-json\/wp\/v2\/posts\/8186\/revisions"}],"wp:featuredmedia":[{"embeddable":true,"href":"http:\/\/zs.wolczyn.pl\/sp\/wp-json\/wp\/v2\/media\/8223"}],"wp:attachment":[{"href":"http:\/\/zs.wolczyn.pl\/sp\/wp-json\/wp\/v2\/media?parent=8186"}],"wp:term":[{"taxonomy":"category","embeddable":true,"href":"http:\/\/zs.wolczyn.pl\/sp\/wp-json\/wp\/v2\/categories?post=8186"},{"taxonomy":"post_tag","embeddable":true,"href":"http:\/\/zs.wolczyn.pl\/sp\/wp-json\/wp\/v2\/tags?post=8186"}],"curies":[{"name":"wp","href":"https:\/\/api.w.org\/{rel}","templated":true}]}}