{"id":8224,"date":"2023-06-05T05:55:37","date_gmt":"2023-06-05T05:55:37","guid":{"rendered":"http:\/\/zs.wolczyn.pl\/sp\/?p=8224"},"modified":"2023-06-05T05:55:59","modified_gmt":"2023-06-05T05:55:59","slug":"siatkowka-sport-co-laczy-a-nie-dzieli","status":"publish","type":"post","link":"http:\/\/zs.wolczyn.pl\/sp\/siatkowka-sport-co-laczy-a-nie-dzieli\/","title":{"rendered":"&#8222;Siatk\u00f3wka-sport, co \u0142\u0105czy a nie dzieli&#8221;"},"content":{"rendered":"<p>26 maja 2023 r. w Urz\u0119dzie Miejskim w Byczynie, w sali Rady Miasta odby\u0142o si\u0119 wr\u0119czenie nagr\u00f3d uczniom, bior\u0105cym udzia\u0142 w XI Og\u00f3lnopolskim Konkursie Literacko-Plastycznym ,&#8221;Siatk\u00f3wka-sport, co \u0142\u0105czy a nie dzieli&#8221;. <!--more-->Troje uczni\u00f3w z naszej szko\u0142y zosta\u0142o laureatami konkursu.<br \/>\nW kategorii literackiej:<br \/>\nII miejsce zaj\u0105\u0142 Filip Czarnecki z klasy V a,<br \/>\nIII miejsce przypad\u0142o Oliwii Stecko z klasy VIII a,<br \/>\nwyr\u00f3\u017cnienie w kategorii plastycznej odebra\u0142a Lena Jaszczak z klasy VIII a.<\/p>\n<p>Zwyci\u0119zcom gratulujemy i \u017cyczymy dalszych sukces\u00f3w<\/p>\n<p><img loading=\"lazy\" decoding=\"async\" class=\"aligncenter size-large wp-image-8229\" src=\"http:\/\/zs.wolczyn.pl\/sp\/wp-content\/uploads\/2023\/06\/20230526_111938-1024x768.jpg\" alt=\"\" width=\"640\" height=\"480\" srcset=\"http:\/\/zs.wolczyn.pl\/sp\/wp-content\/uploads\/2023\/06\/20230526_111938-1024x768.jpg 1024w, http:\/\/zs.wolczyn.pl\/sp\/wp-content\/uploads\/2023\/06\/20230526_111938-300x225.jpg 300w, http:\/\/zs.wolczyn.pl\/sp\/wp-content\/uploads\/2023\/06\/20230526_111938-768x576.jpg 768w, http:\/\/zs.wolczyn.pl\/sp\/wp-content\/uploads\/2023\/06\/20230526_111938-1536x1152.jpg 1536w, http:\/\/zs.wolczyn.pl\/sp\/wp-content\/uploads\/2023\/06\/20230526_111938-2048x1536.jpg 2048w\" sizes=\"auto, (max-width: 640px) 100vw, 640px\" \/> <img loading=\"lazy\" decoding=\"async\" class=\"aligncenter size-large wp-image-8230\" src=\"http:\/\/zs.wolczyn.pl\/sp\/wp-content\/uploads\/2023\/06\/k_20230526_111901-1024x768.jpg\" alt=\"\" width=\"640\" height=\"480\" srcset=\"http:\/\/zs.wolczyn.pl\/sp\/wp-content\/uploads\/2023\/06\/k_20230526_111901-1024x768.jpg 1024w, http:\/\/zs.wolczyn.pl\/sp\/wp-content\/uploads\/2023\/06\/k_20230526_111901-300x225.jpg 300w, http:\/\/zs.wolczyn.pl\/sp\/wp-content\/uploads\/2023\/06\/k_20230526_111901-768x576.jpg 768w, http:\/\/zs.wolczyn.pl\/sp\/wp-content\/uploads\/2023\/06\/k_20230526_111901-1536x1152.jpg 1536w, http:\/\/zs.wolczyn.pl\/sp\/wp-content\/uploads\/2023\/06\/k_20230526_111901-2048x1536.jpg 2048w\" sizes=\"auto, (max-width: 640px) 100vw, 640px\" \/> <img loading=\"lazy\" decoding=\"async\" class=\"aligncenter size-large wp-image-8231\" src=\"http:\/\/zs.wolczyn.pl\/sp\/wp-content\/uploads\/2023\/06\/k_20230526_113151-1024x768.jpg\" alt=\"\" width=\"640\" height=\"480\" srcset=\"http:\/\/zs.wolczyn.pl\/sp\/wp-content\/uploads\/2023\/06\/k_20230526_113151-1024x768.jpg 1024w, http:\/\/zs.wolczyn.pl\/sp\/wp-content\/uploads\/2023\/06\/k_20230526_113151-300x225.jpg 300w, http:\/\/zs.wolczyn.pl\/sp\/wp-content\/uploads\/2023\/06\/k_20230526_113151-768x576.jpg 768w, http:\/\/zs.wolczyn.pl\/sp\/wp-content\/uploads\/2023\/06\/k_20230526_113151-1536x1152.jpg 1536w, http:\/\/zs.wolczyn.pl\/sp\/wp-content\/uploads\/2023\/06\/k_20230526_113151-2048x1536.jpg 2048w\" sizes=\"auto, (max-width: 640px) 100vw, 640px\" \/><\/p>\n","protected":false},"excerpt":{"rendered":"<p>26 maja 2023 r. w Urz\u0119dzie Miejskim w Byczynie, w sali Rady Miasta odby\u0142o si\u0119 wr\u0119czenie nagr\u00f3d uczniom, bior\u0105cym udzia\u0142 w XI Og\u00f3lnopolskim Konkursie Literacko-Plastycznym ,&#8221;Siatk\u00f3wka-sport, co \u0142\u0105czy a nie <a href=\"http:\/\/zs.wolczyn.pl\/sp\/siatkowka-sport-co-laczy-a-nie-dzieli\/\" class=\"read-more\">Czytaj dalej &#8230;<\/a><\/p>\n","protected":false},"author":1,"featured_media":8228,"comment_status":"closed","ping_status":"open","sticky":false,"template":"","format":"standard","meta":{"footnotes":""},"categories":[3],"tags":[],"class_list":["post-8224","post","type-post","status-publish","format-standard","has-post-thumbnail","hentry","category-events"],"_links":{"self":[{"href":"http:\/\/zs.wolczyn.pl\/sp\/wp-json\/wp\/v2\/posts\/8224","targetHints":{"allow":["GET"]}}],"collection":[{"href":"http:\/\/zs.wolczyn.pl\/sp\/wp-json\/wp\/v2\/posts"}],"about":[{"href":"http:\/\/zs.wolczyn.pl\/sp\/wp-json\/wp\/v2\/types\/post"}],"author":[{"embeddable":true,"href":"http:\/\/zs.wolczyn.pl\/sp\/wp-json\/wp\/v2\/users\/1"}],"replies":[{"embeddable":true,"href":"http:\/\/zs.wolczyn.pl\/sp\/wp-json\/wp\/v2\/comments?post=8224"}],"version-history":[{"count":0,"href":"http:\/\/zs.wolczyn.pl\/sp\/wp-json\/wp\/v2\/posts\/8224\/revisions"}],"wp:featuredmedia":[{"embeddable":true,"href":"http:\/\/zs.wolczyn.pl\/sp\/wp-json\/wp\/v2\/media\/8228"}],"wp:attachment":[{"href":"http:\/\/zs.wolczyn.pl\/sp\/wp-json\/wp\/v2\/media?parent=8224"}],"wp:term":[{"taxonomy":"category","embeddable":true,"href":"http:\/\/zs.wolczyn.pl\/sp\/wp-json\/wp\/v2\/categories?post=8224"},{"taxonomy":"post_tag","embeddable":true,"href":"http:\/\/zs.wolczyn.pl\/sp\/wp-json\/wp\/v2\/tags?post=8224"}],"curies":[{"name":"wp","href":"https:\/\/api.w.org\/{rel}","templated":true}]}}