{"id":9206,"date":"2024-09-04T09:05:33","date_gmt":"2024-09-04T09:05:33","guid":{"rendered":"http:\/\/zs.wolczyn.pl\/sp\/?p=9206"},"modified":"2024-09-09T08:22:04","modified_gmt":"2024-09-09T08:22:04","slug":"muza-klio-ma-glos","status":"publish","type":"post","link":"http:\/\/zs.wolczyn.pl\/sp\/muza-klio-ma-glos\/","title":{"rendered":"MUZA KLIO MA G\u0141OS"},"content":{"rendered":"<p>Pocz\u0105tek roku szkolnego, pi\u0119kna pogoda, jeszcze wakacyjne nastroje inspiruj\u0105, aby wyj\u015b\u0107 z szkolnych mur\u00f3w i inaczej zorganizowa\u0107 proces edukacyjny, np. lekcj\u0119 historii\u2026na cmentarzu. Cmentarz to bardzo ciekawe \u017ar\u00f3d\u0142o historyczne. Klasa 8a 3 wrze\u015bnia z\u0142o\u017cy\u0142a wi\u0105zank\u0119 na grobie pana Janika, kt\u00f3ry by\u0142 \u017co\u0142nierzem Westerplatte, a wi\u0119c jednym z pierwszych obro\u0144c\u00f3w Ojczyzny w 1939 r. Uczniowie dowiedzieli si\u0119, kto i dlaczego niekt\u00f3re nagrobki na wo\u0142czy\u0144skiej nekropolii oznacza bia\u0142o-czerwon\u0105 wst\u0119g\u0105 jako gr\u00f3b weterana, dlaczego proboszcz z dalekiego Rokitna na Wo\u0142yniu zosta\u0142 pochowany w naszym mie\u015bcie, do kogo mog\u0105 nale\u017ce\u0107 najstarsze zachowane nagrobki z XIX w. i sk\u0105d pochodzili \u017co\u0142nierze z okresu I wojny \u015bwiatowej, kt\u00f3rych groby znajduj\u0105 si\u0119 w g\u0142\u00f3wnej alei. Cmentarz to nie tylko kamienne p\u0142yty mniej lub bardziej uporz\u0105dkowane, to przede wszystkim ludzkie historie, czasami niesamowite, dramatyczne, niewiarygodne albo ca\u0142kiem zwyczajne, ale za to wype\u0142nione rzeteln\u0105 prac\u0105 na rzecz naszego miasta i gminy. Warto ocali\u0107 je od zapomnienia i zniszczenia.<\/p>\n<p><a href=\"http:\/\/zs.wolczyn.pl\/sp\/wp-content\/uploads\/2024\/09\/IMG-20240904-WA0004.jpg\"><img loading=\"lazy\" decoding=\"async\" class=\"alignleft size-medium wp-image-9209\" src=\"http:\/\/zs.wolczyn.pl\/sp\/wp-content\/uploads\/2024\/09\/IMG-20240904-WA0004-225x300.jpg\" alt=\"\" width=\"225\" height=\"300\" srcset=\"http:\/\/zs.wolczyn.pl\/sp\/wp-content\/uploads\/2024\/09\/IMG-20240904-WA0004-225x300.jpg 225w, http:\/\/zs.wolczyn.pl\/sp\/wp-content\/uploads\/2024\/09\/IMG-20240904-WA0004-768x1024.jpg 768w, http:\/\/zs.wolczyn.pl\/sp\/wp-content\/uploads\/2024\/09\/IMG-20240904-WA0004-1152x1536.jpg 1152w, http:\/\/zs.wolczyn.pl\/sp\/wp-content\/uploads\/2024\/09\/IMG-20240904-WA0004.jpg 1530w\" sizes=\"auto, (max-width: 225px) 100vw, 225px\" \/><\/a><a href=\"http:\/\/zs.wolczyn.pl\/sp\/wp-content\/uploads\/2024\/09\/IMG-20240904-WA0002.jpg\"><img loading=\"lazy\" decoding=\"async\" class=\"size-medium wp-image-9207 alignleft\" src=\"http:\/\/zs.wolczyn.pl\/sp\/wp-content\/uploads\/2024\/09\/IMG-20240904-WA0002-225x300.jpg\" alt=\"\" width=\"225\" height=\"300\" srcset=\"http:\/\/zs.wolczyn.pl\/sp\/wp-content\/uploads\/2024\/09\/IMG-20240904-WA0002-225x300.jpg 225w, http:\/\/zs.wolczyn.pl\/sp\/wp-content\/uploads\/2024\/09\/IMG-20240904-WA0002-768x1024.jpg 768w, http:\/\/zs.wolczyn.pl\/sp\/wp-content\/uploads\/2024\/09\/IMG-20240904-WA0002-1152x1536.jpg 1152w, http:\/\/zs.wolczyn.pl\/sp\/wp-content\/uploads\/2024\/09\/IMG-20240904-WA0002.jpg 1536w\" sizes=\"auto, (max-width: 225px) 100vw, 225px\" \/><\/a><a href=\"http:\/\/zs.wolczyn.pl\/sp\/wp-content\/uploads\/2024\/09\/IMG-20240904-WA0003.jpg\" target=\"_blank\" rel=\"noopener\"><img loading=\"lazy\" decoding=\"async\" class=\"alignleft wp-image-9208 size-medium\" src=\"http:\/\/zs.wolczyn.pl\/sp\/wp-content\/uploads\/2024\/09\/IMG-20240904-WA0003-225x300.jpg\" alt=\"\" width=\"225\" height=\"300\" srcset=\"http:\/\/zs.wolczyn.pl\/sp\/wp-content\/uploads\/2024\/09\/IMG-20240904-WA0003-225x300.jpg 225w, http:\/\/zs.wolczyn.pl\/sp\/wp-content\/uploads\/2024\/09\/IMG-20240904-WA0003-768x1024.jpg 768w, http:\/\/zs.wolczyn.pl\/sp\/wp-content\/uploads\/2024\/09\/IMG-20240904-WA0003-1152x1536.jpg 1152w, http:\/\/zs.wolczyn.pl\/sp\/wp-content\/uploads\/2024\/09\/IMG-20240904-WA0003.jpg 1530w\" sizes=\"auto, (max-width: 225px) 100vw, 225px\" \/><\/a><\/p>\n","protected":false},"excerpt":{"rendered":"<p>Pocz\u0105tek roku szkolnego, pi\u0119kna pogoda, jeszcze wakacyjne nastroje inspiruj\u0105, aby wyj\u015b\u0107 z szkolnych mur\u00f3w i inaczej zorganizowa\u0107 proces edukacyjny, np. lekcj\u0119 historii\u2026na cmentarzu. Cmentarz to bardzo ciekawe \u017ar\u00f3d\u0142o historyczne. Klasa <a href=\"http:\/\/zs.wolczyn.pl\/sp\/muza-klio-ma-glos\/\" class=\"read-more\">Czytaj dalej &#8230;<\/a><\/p>\n","protected":false},"author":1,"featured_media":8185,"comment_status":"closed","ping_status":"closed","sticky":false,"template":"","format":"standard","meta":{"footnotes":""},"categories":[3],"tags":[],"class_list":["post-9206","post","type-post","status-publish","format-standard","has-post-thumbnail","hentry","category-events"],"_links":{"self":[{"href":"http:\/\/zs.wolczyn.pl\/sp\/wp-json\/wp\/v2\/posts\/9206","targetHints":{"allow":["GET"]}}],"collection":[{"href":"http:\/\/zs.wolczyn.pl\/sp\/wp-json\/wp\/v2\/posts"}],"about":[{"href":"http:\/\/zs.wolczyn.pl\/sp\/wp-json\/wp\/v2\/types\/post"}],"author":[{"embeddable":true,"href":"http:\/\/zs.wolczyn.pl\/sp\/wp-json\/wp\/v2\/users\/1"}],"replies":[{"embeddable":true,"href":"http:\/\/zs.wolczyn.pl\/sp\/wp-json\/wp\/v2\/comments?post=9206"}],"version-history":[{"count":0,"href":"http:\/\/zs.wolczyn.pl\/sp\/wp-json\/wp\/v2\/posts\/9206\/revisions"}],"wp:featuredmedia":[{"embeddable":true,"href":"http:\/\/zs.wolczyn.pl\/sp\/wp-json\/wp\/v2\/media\/8185"}],"wp:attachment":[{"href":"http:\/\/zs.wolczyn.pl\/sp\/wp-json\/wp\/v2\/media?parent=9206"}],"wp:term":[{"taxonomy":"category","embeddable":true,"href":"http:\/\/zs.wolczyn.pl\/sp\/wp-json\/wp\/v2\/categories?post=9206"},{"taxonomy":"post_tag","embeddable":true,"href":"http:\/\/zs.wolczyn.pl\/sp\/wp-json\/wp\/v2\/tags?post=9206"}],"curies":[{"name":"wp","href":"https:\/\/api.w.org\/{rel}","templated":true}]}}