{"id":9242,"date":"2024-09-23T07:29:41","date_gmt":"2024-09-23T07:29:41","guid":{"rendered":"http:\/\/zs.wolczyn.pl\/sp\/?p=9242"},"modified":"2024-09-23T07:30:01","modified_gmt":"2024-09-23T07:30:01","slug":"przytul-sie-do-drzewa","status":"publish","type":"post","link":"http:\/\/zs.wolczyn.pl\/sp\/przytul-sie-do-drzewa\/","title":{"rendered":"&#8222;Przytul si\u0119 do drzewa&#8221;"},"content":{"rendered":"<p>Uczniowie klas 1-3 razem z wychowawczyniami wzi\u0119li udzia\u0142 w III edycji Og\u00f3lnopolskiej Kampanii Przytul si\u0119 do drzewa z okazji zbli\u017caj\u0105cego si\u0119 Mi\u0119dzynarodowego Dnia Drzewa, kt\u00f3ry przypada na 10 pa\u017adziernika. Udzia\u0142 w kampanii mia\u0142 na celu zwr\u00f3cenie uwagi na bezpieczne i m\u0105dre poruszanie si\u0119 po lasach oraz uczulenie na rzeczy, kt\u00f3re mog\u0105 nie\u015bwiadomie doprowadzi\u0107 do po\u017caru. Ponadto przytulenie si\u0119 do drzewa to forma drzewoterapii, kt\u00f3ra pokazuje, \u017ce zielona energia drzew ma niesamowity, uspokajaj\u0105cy wp\u0142yw na nasze zachowanie. Nasi uczniowie spisali si\u0119 na medal i zas\u0142uguj\u0105 na tytu\u0142 STRA\u017bNIK\u00d3W LAS\u00d3W.<br \/>\n#straznicylasow<br \/>\n@straznicylasow<\/p>\n<style id=\"bwg-style-0\">      #bwg_container1_0 #bwg_container2_0 .bwg_masonry_thumb_0 {        text-align: center;        display: inline-block;        vertical-align: middle;      \t          width: 100% !important;;      \t        margin: 0;        opacity: 1.00;      }\t\t\t\t\t\t      #bwg_container1_0 #bwg_container2_0 .bwg-container-0.bwg-masonry-thumbnails .bwg-item,      #bwg_container1_0 #bwg_container2_0 .bwg-container-temp0.bwg-masonry-thumbnails .bwg-item {        padding: calc(4px \/ 2);\t\t\t\t      }      #bwg_container1_0 #bwg_container2_0 .bwg-container-0.bwg-masonry-thumbnails .bwg-item0 {      \t        background-color:rgba(0,0,0, 0.30);        border: 0px none #CCCCCC;\t\t\t\topacity: 1.00;        border-radius: 0;      }      #bwg_container1_0 #bwg_container2_0 .bwg-container-0.bwg-masonry-thumbnails .bwg-item1 img {        max-height: none;\t\t\t\t        \tmax-width: calc(250px + (4px + 0px));\t\t\t\t      }\t\t\t\t\t\t\t@media only screen and (min-width: 480px) {\t\t\t\t\t#bwg_container1_0 #bwg_container2_0 .bwg-container-0.bwg-masonry-thumbnails .bwg-item1 img {\t\t\t\t\t\t-webkit-transition: -webkit-transform .3s; transition: transform .3s;\t\t\t\t\t}\t\t\t\t\t#bwg_container1_0 #bwg_container2_0 .bwg-container-0.bwg-masonry-thumbnails .bwg-item1 img:hover {\t\t\t\t\t\t-ms-transform: scale(1.08);\t\t\t\t\t\t-webkit-transform: scale(1.08);\t\t\t\t\t\ttransform: scale(1.08);\t\t\t\t\t}\t\t\t\t\t\t\t\t\t}\t\t\t\t\t\t\t\t\t#bwg_container1_0 #bwg_container2_0 .bwg-container-0.bwg-masonry-thumbnails .bwg-title2,\t\t\t#bwg_container1_0 #bwg_container2_0 .bwg-container-temp0.bwg-masonry-thumbnails .bwg-title2,\t\t\t#bwg_container1_0 #bwg_container2_0 .bwg-container-0.bwg-masonry-thumbnails .bwg-play-icon2,\t\t\t#bwg_container1_0 #bwg_container2_0 .bwg-container-0.bwg-masonry-thumbnails .bwg-ecommerce2 {\t\t\t\tmax-height: 100%;\t\t\t\tpadding: 2px;\t\t\t\tfont-family: Ubuntu;\t\t\t\tfont-weight: bold;\t\t\t\tfont-size: 16px;\t\t\t\tcolor: #323A45;\t\t\t}\t\t\t#bwg_container1_0 #bwg_container2_0 .bwg-container-0.bwg-masonry-thumbnails .bwg-ecommerce2 {\t\t\t\tcolor: #323A45;\t\t\t}\t  \t#bwg_container1_0 #bwg_container2_0 .bwg_masonry_thumbnails_0 {\t\t\t\tposition: relative;\t\t\t\tbackground-color: rgba(255, 255, 255, 0.00);\t\t\t\tfont-size: 0;\t\t\t\t\t\t\t\t\twidth: 1004px;\t\t\t\t\tmax-width: 100%;\t\t\t\t\t\t\t\t\tmax-width: 100%;\t\t\t\t\t\t\t\t\t\t\t\t\tmargin: 0 auto;\t\t\t\t\t\t\t}\t\t\t\t\t\t\t@media only screen and (max-width: 1032px) {\t\t\t\t\t#bwg_container1_0 #bwg_container2_0 .bwg_masonry_thumbnails_0 {\t\t\t\t\t\twidth: inherit;\t\t\t\t\t}\t\t\t\t}\t\t\t\t\t\t#bwg_container1_0 #bwg_container2_0 .bwg_masonry_thumb_description_0 {        color: #323A45;        line-height: 1.4;        font-size: 16px;        font-family: Ubuntu;        text-align: justify;      }      #bwg_container1_0.bwg_thumbnails_masonry .wd_error p {        color: #323A45;      }      #bwg_container1_0 #bwg_container2_0 .bwg_gal_title_0 {        background-color: rgba(0, 0, 0, 0);        color: #323A45;        display: block;        font-family: Ubuntu;        font-size: 16px;        font-weight: bold;        padding: 2px;        text-shadow: ;        text-align: center;      }      <\/style>    <div id=\"bwg_container1_0\"         class=\"bwg_container bwg_thumbnail bwg_thumbnails_masonry \"         data-right-click-protection=\"0\"         data-bwg=\"0\"         data-scroll=\"0\"         data-gallery-type=\"thumbnails_masonry\"         data-gallery-view-type=\"thumbnails_masonry\"         data-current-url=\"\/sp\/wp-json\/wp\/v2\/posts\/9242\"         data-lightbox-url=\"http:\/\/zs.wolczyn.pl\/sp\/wp-admin\/admin-ajax.php?action=GalleryBox&#038;current_view=0&#038;gallery_id=64&#038;tag=0&#038;theme_id=1&#038;shortcode_id=119&#038;sort_by=order&#038;order_by=asc&#038;current_url=%2Fsp%2Fwp-json%2Fwp%2Fv2%2Fposts%2F9242\"         data-gallery-id=\"64\"         data-popup-width=\"800\"         data-popup-height=\"500\"         data-is-album=\"gallery\"         data-buttons-position=\"bottom\">      <div id=\"bwg_container2_0\">             <div id=\"ajax_loading_0\" class=\"bwg_loading_div_1\">      <div class=\"bwg_loading_div_2\">        <div class=\"bwg_loading_div_3\">          <div id=\"loading_div_0\" class=\"bwg_spider_ajax_loading\">          <\/div>        <\/div>      <\/div>    <\/div>            <form id=\"gal_front_form_0\"              class=\"bwg-hidden\"              method=\"post\"              action=\"#\"              data-current=\"0\"              data-shortcode-id=\"119\"              data-gallery-type=\"thumbnails_masonry\"              data-gallery-id=\"64\"              data-tag=\"0\"              data-album-id=\"0\"              data-theme-id=\"1\"              data-ajax-url=\"http:\/\/zs.wolczyn.pl\/sp\/wp-admin\/admin-ajax.php?action=bwg_frontend_data\">          <div id=\"bwg_container3_0\" class=\"bwg-background bwg-background-0\">                <div id=\"bwg_thumbnails_masonry_0\"         data-bwg=\"0\"         data-masonry-type=\"vertical\"         data-resizable-thumbnails=\"1\"         data-max-count=\"4\"         data-thumbnail-width=\"250\"         data-thumbnail-height=\"250\"         data-thumbnail-padding=\"4\"         data-thumbnail-border=\"0\"         data-gallery-id=\"64\"         data-lightbox-url=\"http:\/\/zs.wolczyn.pl\/sp\/wp-admin\/admin-ajax.php?action=GalleryBox&#038;current_view=0&#038;gallery_id=64&#038;tag=0&#038;theme_id=1&#038;shortcode_id=119&#038;sort_by=order&#038;order_by=asc&#038;current_url=%2Fsp%2Fwp-json%2Fwp%2Fv2%2Fposts%2F9242\"         class=\"bwg-container-0 bwg_masonry_thumbnails_0 bwg-masonry-thumbnails bwg-masonry-vertical bwg-container bwg-border-box\">              <div class=\"bwg-item\">          <a class=\"bwg-a  bwg_lightbox\"  data-image-id=\"1099\" href=\"http:\/\/zs.wolczyn.pl\/sp\/wp-content\/uploads\/photo-gallery\/Miedzynarodowy_Dzien_Drzewa\/01_20240920_110711.jpg?bwg=1727076043\" data-elementor-open-lightbox=\"no\">            <div class=\"bwg-item0\">              <div class=\"bwg-item1 \">      \t\t\t\t\t<img decoding=\"async\" class=\"skip-lazy bwg-masonry-thumb bwg_masonry_thumb_0 \"                       data-id=\"1099\"                       data-src=\"http:\/\/zs.wolczyn.pl\/sp\/wp-content\/uploads\/photo-gallery\/Miedzynarodowy_Dzien_Drzewa\/thumb\/01_20240920_110711.jpg?bwg=1727076043\"                       data-width=\"375.00\"                       data-height=\"500.00\"\t\t\t\t\t\t\t\t\t\t   src=\"http:\/\/zs.wolczyn.pl\/sp\/wp-content\/uploads\/photo-gallery\/Miedzynarodowy_Dzien_Drzewa\/thumb\/01_20240920_110711.jpg?bwg=1727076043\"\t\t\t\t\t\t\t\t\t\t   alt=\"01 20240920 110711\"\t\t\t\t\t\t\t\t\t\t   title=\"01 20240920 110711\" \/>                <div class=\"\">                  \t\t\t\t                                            <\/div>              <\/div>            <\/div>                      <\/a>                  <\/div>              <div class=\"bwg-item\">          <a class=\"bwg-a  bwg_lightbox\"  data-image-id=\"1100\" href=\"http:\/\/zs.wolczyn.pl\/sp\/wp-content\/uploads\/photo-gallery\/Miedzynarodowy_Dzien_Drzewa\/02_20240920_110721.jpg?bwg=1727076043\" data-elementor-open-lightbox=\"no\">            <div class=\"bwg-item0\">              <div class=\"bwg-item1 \">      \t\t\t\t\t<img decoding=\"async\" class=\"skip-lazy bwg-masonry-thumb bwg_masonry_thumb_0 \"                       data-id=\"1100\"                       data-src=\"http:\/\/zs.wolczyn.pl\/sp\/wp-content\/uploads\/photo-gallery\/Miedzynarodowy_Dzien_Drzewa\/thumb\/02_20240920_110721.jpg?bwg=1727076043\"                       data-width=\"375.00\"                       data-height=\"500.00\"\t\t\t\t\t\t\t\t\t\t   src=\"http:\/\/zs.wolczyn.pl\/sp\/wp-content\/uploads\/photo-gallery\/Miedzynarodowy_Dzien_Drzewa\/thumb\/02_20240920_110721.jpg?bwg=1727076043\"\t\t\t\t\t\t\t\t\t\t   alt=\"02 20240920 110721\"\t\t\t\t\t\t\t\t\t\t   title=\"02 20240920 110721\" \/>                <div class=\"\">                  \t\t\t\t                                            <\/div>              <\/div>            <\/div>                      <\/a>                  <\/div>              <div class=\"bwg-item\">          <a class=\"bwg-a  bwg_lightbox\"  data-image-id=\"1101\" href=\"http:\/\/zs.wolczyn.pl\/sp\/wp-content\/uploads\/photo-gallery\/Miedzynarodowy_Dzien_Drzewa\/03_20240920_110740.jpg?bwg=1727076043\" data-elementor-open-lightbox=\"no\">            <div class=\"bwg-item0\">              <div class=\"bwg-item1 \">      \t\t\t\t\t<img decoding=\"async\" class=\"skip-lazy bwg-masonry-thumb bwg_masonry_thumb_0 \"                       data-id=\"1101\"                       data-src=\"http:\/\/zs.wolczyn.pl\/sp\/wp-content\/uploads\/photo-gallery\/Miedzynarodowy_Dzien_Drzewa\/thumb\/03_20240920_110740.jpg?bwg=1727076043\"                       data-width=\"375.00\"                       data-height=\"500.00\"\t\t\t\t\t\t\t\t\t\t   src=\"http:\/\/zs.wolczyn.pl\/sp\/wp-content\/uploads\/photo-gallery\/Miedzynarodowy_Dzien_Drzewa\/thumb\/03_20240920_110740.jpg?bwg=1727076043\"\t\t\t\t\t\t\t\t\t\t   alt=\"03 20240920 110740\"\t\t\t\t\t\t\t\t\t\t   title=\"03 20240920 110740\" \/>                <div class=\"\">                  \t\t\t\t                                            <\/div>              <\/div>            <\/div>                      <\/a>                  <\/div>              <div class=\"bwg-item\">          <a class=\"bwg-a  bwg_lightbox\"  data-image-id=\"1102\" href=\"http:\/\/zs.wolczyn.pl\/sp\/wp-content\/uploads\/photo-gallery\/Miedzynarodowy_Dzien_Drzewa\/06_20240920_110813.jpg?bwg=1727076043\" data-elementor-open-lightbox=\"no\">            <div class=\"bwg-item0\">              <div class=\"bwg-item1 \">      \t\t\t\t\t<img decoding=\"async\" class=\"skip-lazy bwg-masonry-thumb bwg_masonry_thumb_0 \"                       data-id=\"1102\"                       data-src=\"http:\/\/zs.wolczyn.pl\/sp\/wp-content\/uploads\/photo-gallery\/Miedzynarodowy_Dzien_Drzewa\/thumb\/06_20240920_110813.jpg?bwg=1727076043\"                       data-width=\"375.00\"                       data-height=\"500.00\"\t\t\t\t\t\t\t\t\t\t   src=\"http:\/\/zs.wolczyn.pl\/sp\/wp-content\/uploads\/photo-gallery\/Miedzynarodowy_Dzien_Drzewa\/thumb\/06_20240920_110813.jpg?bwg=1727076043\"\t\t\t\t\t\t\t\t\t\t   alt=\"06 20240920 110813\"\t\t\t\t\t\t\t\t\t\t   title=\"06 20240920 110813\" \/>                <div class=\"\">                  \t\t\t\t                                            <\/div>              <\/div>            <\/div>                      <\/a>                  <\/div>              <div class=\"bwg-item\">          <a class=\"bwg-a  bwg_lightbox\"  data-image-id=\"1103\" href=\"http:\/\/zs.wolczyn.pl\/sp\/wp-content\/uploads\/photo-gallery\/Miedzynarodowy_Dzien_Drzewa\/04_20240920_110749.jpg?bwg=1727076043\" data-elementor-open-lightbox=\"no\">            <div class=\"bwg-item0\">              <div class=\"bwg-item1 \">      \t\t\t\t\t<img decoding=\"async\" class=\"skip-lazy bwg-masonry-thumb bwg_masonry_thumb_0 \"                       data-id=\"1103\"                       data-src=\"http:\/\/zs.wolczyn.pl\/sp\/wp-content\/uploads\/photo-gallery\/Miedzynarodowy_Dzien_Drzewa\/thumb\/04_20240920_110749.jpg?bwg=1727076043\"                       data-width=\"375.00\"                       data-height=\"500.00\"\t\t\t\t\t\t\t\t\t\t   src=\"http:\/\/zs.wolczyn.pl\/sp\/wp-content\/uploads\/photo-gallery\/Miedzynarodowy_Dzien_Drzewa\/thumb\/04_20240920_110749.jpg?bwg=1727076043\"\t\t\t\t\t\t\t\t\t\t   alt=\"04 20240920 110749\"\t\t\t\t\t\t\t\t\t\t   title=\"04 20240920 110749\" \/>                <div class=\"\">                  \t\t\t\t                                            <\/div>              <\/div>            <\/div>                      <\/a>                  <\/div>              <div class=\"bwg-item\">          <a class=\"bwg-a  bwg_lightbox\"  data-image-id=\"1104\" href=\"http:\/\/zs.wolczyn.pl\/sp\/wp-content\/uploads\/photo-gallery\/Miedzynarodowy_Dzien_Drzewa\/05_20240920_110805.jpg?bwg=1727076043\" data-elementor-open-lightbox=\"no\">            <div class=\"bwg-item0\">              <div class=\"bwg-item1 \">      \t\t\t\t\t<img decoding=\"async\" class=\"skip-lazy bwg-masonry-thumb bwg_masonry_thumb_0 \"                       data-id=\"1104\"                       data-src=\"http:\/\/zs.wolczyn.pl\/sp\/wp-content\/uploads\/photo-gallery\/Miedzynarodowy_Dzien_Drzewa\/thumb\/05_20240920_110805.jpg?bwg=1727076043\"                       data-width=\"375.00\"                       data-height=\"500.00\"\t\t\t\t\t\t\t\t\t\t   src=\"http:\/\/zs.wolczyn.pl\/sp\/wp-content\/uploads\/photo-gallery\/Miedzynarodowy_Dzien_Drzewa\/thumb\/05_20240920_110805.jpg?bwg=1727076043\"\t\t\t\t\t\t\t\t\t\t   alt=\"05 20240920 110805\"\t\t\t\t\t\t\t\t\t\t   title=\"05 20240920 110805\" \/>                <div class=\"\">                  \t\t\t\t                                            <\/div>              <\/div>            <\/div>                      <\/a>                  <\/div>              <div class=\"bwg-item\">          <a class=\"bwg-a  bwg_lightbox\"  data-image-id=\"1105\" href=\"http:\/\/zs.wolczyn.pl\/sp\/wp-content\/uploads\/photo-gallery\/Miedzynarodowy_Dzien_Drzewa\/08_20240920_110958-1.jpg?bwg=1727076043\" data-elementor-open-lightbox=\"no\">            <div class=\"bwg-item0\">              <div class=\"bwg-item1 \">      \t\t\t\t\t<img decoding=\"async\" class=\"skip-lazy bwg-masonry-thumb bwg_masonry_thumb_0 \"                       data-id=\"1105\"                       data-src=\"http:\/\/zs.wolczyn.pl\/sp\/wp-content\/uploads\/photo-gallery\/Miedzynarodowy_Dzien_Drzewa\/thumb\/08_20240920_110958-1.jpg?bwg=1727076043\"                       data-width=\"375.00\"                       data-height=\"500.00\"\t\t\t\t\t\t\t\t\t\t   src=\"http:\/\/zs.wolczyn.pl\/sp\/wp-content\/uploads\/photo-gallery\/Miedzynarodowy_Dzien_Drzewa\/thumb\/08_20240920_110958-1.jpg?bwg=1727076043\"\t\t\t\t\t\t\t\t\t\t   alt=\"08 20240920 110958-1\"\t\t\t\t\t\t\t\t\t\t   title=\"08 20240920 110958-1\" \/>                <div class=\"\">                  \t\t\t\t                                            <\/div>              <\/div>            <\/div>                      <\/a>                  <\/div>              <div class=\"bwg-item\">          <a class=\"bwg-a  bwg_lightbox\"  data-image-id=\"1106\" href=\"http:\/\/zs.wolczyn.pl\/sp\/wp-content\/uploads\/photo-gallery\/Miedzynarodowy_Dzien_Drzewa\/07_20240920_110948.jpg?bwg=1727076043\" data-elementor-open-lightbox=\"no\">            <div class=\"bwg-item0\">              <div class=\"bwg-item1 \">      \t\t\t\t\t<img decoding=\"async\" class=\"skip-lazy bwg-masonry-thumb bwg_masonry_thumb_0 \"                       data-id=\"1106\"                       data-src=\"http:\/\/zs.wolczyn.pl\/sp\/wp-content\/uploads\/photo-gallery\/Miedzynarodowy_Dzien_Drzewa\/thumb\/07_20240920_110948.jpg?bwg=1727076043\"                       data-width=\"375.00\"                       data-height=\"500.00\"\t\t\t\t\t\t\t\t\t\t   src=\"http:\/\/zs.wolczyn.pl\/sp\/wp-content\/uploads\/photo-gallery\/Miedzynarodowy_Dzien_Drzewa\/thumb\/07_20240920_110948.jpg?bwg=1727076043\"\t\t\t\t\t\t\t\t\t\t   alt=\"07 20240920 110948\"\t\t\t\t\t\t\t\t\t\t   title=\"07 20240920 110948\" \/>                <div class=\"\">                  \t\t\t\t                                            <\/div>              <\/div>            <\/div>                      <\/a>                  <\/div>              <div class=\"bwg-item\">          <a class=\"bwg-a  bwg_lightbox\"  data-image-id=\"1107\" href=\"http:\/\/zs.wolczyn.pl\/sp\/wp-content\/uploads\/photo-gallery\/Miedzynarodowy_Dzien_Drzewa\/09_20240920_110958.jpg?bwg=1727076043\" data-elementor-open-lightbox=\"no\">            <div class=\"bwg-item0\">              <div class=\"bwg-item1 \">      \t\t\t\t\t<img decoding=\"async\" class=\"skip-lazy bwg-masonry-thumb bwg_masonry_thumb_0 \"                       data-id=\"1107\"                       data-src=\"http:\/\/zs.wolczyn.pl\/sp\/wp-content\/uploads\/photo-gallery\/Miedzynarodowy_Dzien_Drzewa\/thumb\/09_20240920_110958.jpg?bwg=1727076043\"                       data-width=\"375.00\"                       data-height=\"500.00\"\t\t\t\t\t\t\t\t\t\t   src=\"http:\/\/zs.wolczyn.pl\/sp\/wp-content\/uploads\/photo-gallery\/Miedzynarodowy_Dzien_Drzewa\/thumb\/09_20240920_110958.jpg?bwg=1727076043\"\t\t\t\t\t\t\t\t\t\t   alt=\"09 20240920 110958\"\t\t\t\t\t\t\t\t\t\t   title=\"09 20240920 110958\" \/>                <div class=\"\">                  \t\t\t\t                                            <\/div>              <\/div>            <\/div>                      <\/a>                  <\/div>              <div class=\"bwg-item\">          <a class=\"bwg-a  bwg_lightbox\"  data-image-id=\"1108\" href=\"http:\/\/zs.wolczyn.pl\/sp\/wp-content\/uploads\/photo-gallery\/Miedzynarodowy_Dzien_Drzewa\/11_20240920_111033.jpg?bwg=1727076043\" data-elementor-open-lightbox=\"no\">            <div class=\"bwg-item0\">              <div class=\"bwg-item1 \">      \t\t\t\t\t<img decoding=\"async\" class=\"skip-lazy bwg-masonry-thumb bwg_masonry_thumb_0 \"                       data-id=\"1108\"                       data-src=\"http:\/\/zs.wolczyn.pl\/sp\/wp-content\/uploads\/photo-gallery\/Miedzynarodowy_Dzien_Drzewa\/thumb\/11_20240920_111033.jpg?bwg=1727076043\"                       data-width=\"375.00\"                       data-height=\"500.00\"\t\t\t\t\t\t\t\t\t\t   src=\"http:\/\/zs.wolczyn.pl\/sp\/wp-content\/uploads\/photo-gallery\/Miedzynarodowy_Dzien_Drzewa\/thumb\/11_20240920_111033.jpg?bwg=1727076043\"\t\t\t\t\t\t\t\t\t\t   alt=\"11 20240920 111033\"\t\t\t\t\t\t\t\t\t\t   title=\"11 20240920 111033\" \/>                <div class=\"\">                  \t\t\t\t                                            <\/div>              <\/div>            <\/div>                      <\/a>                  <\/div>              <div class=\"bwg-item\">          <a class=\"bwg-a  bwg_lightbox\"  data-image-id=\"1109\" href=\"http:\/\/zs.wolczyn.pl\/sp\/wp-content\/uploads\/photo-gallery\/Miedzynarodowy_Dzien_Drzewa\/13_Facebook_creation_1058815879186495.jpg?bwg=1727076043\" data-elementor-open-lightbox=\"no\">            <div class=\"bwg-item0\">              <div class=\"bwg-item1 \">      \t\t\t\t\t<img decoding=\"async\" class=\"skip-lazy bwg-masonry-thumb bwg_masonry_thumb_0 \"                       data-id=\"1109\"                       data-src=\"http:\/\/zs.wolczyn.pl\/sp\/wp-content\/uploads\/photo-gallery\/Miedzynarodowy_Dzien_Drzewa\/thumb\/13_Facebook_creation_1058815879186495.jpg?bwg=1727076043\"                       data-width=\"231.00\"                       data-height=\"500.00\"\t\t\t\t\t\t\t\t\t\t   src=\"http:\/\/zs.wolczyn.pl\/sp\/wp-content\/uploads\/photo-gallery\/Miedzynarodowy_Dzien_Drzewa\/thumb\/13_Facebook_creation_1058815879186495.jpg?bwg=1727076043\"\t\t\t\t\t\t\t\t\t\t   alt=\"13 Facebook creation 1058815879186495\"\t\t\t\t\t\t\t\t\t\t   title=\"13 Facebook creation 1058815879186495\" \/>                <div class=\"\">                  \t\t\t\t                                            <\/div>              <\/div>            <\/div>                      <\/a>                  <\/div>              <div class=\"bwg-item\">          <a class=\"bwg-a  bwg_lightbox\"  data-image-id=\"1110\" href=\"http:\/\/zs.wolczyn.pl\/sp\/wp-content\/uploads\/photo-gallery\/Miedzynarodowy_Dzien_Drzewa\/14_Facebook_creation_1097143025175466.jpg?bwg=1727076043\" data-elementor-open-lightbox=\"no\">            <div class=\"bwg-item0\">              <div class=\"bwg-item1 \">      \t\t\t\t\t<img decoding=\"async\" class=\"skip-lazy bwg-masonry-thumb bwg_masonry_thumb_0 \"                       data-id=\"1110\"                       data-src=\"http:\/\/zs.wolczyn.pl\/sp\/wp-content\/uploads\/photo-gallery\/Miedzynarodowy_Dzien_Drzewa\/thumb\/14_Facebook_creation_1097143025175466.jpg?bwg=1727076043\"                       data-width=\"231.00\"                       data-height=\"500.00\"\t\t\t\t\t\t\t\t\t\t   src=\"http:\/\/zs.wolczyn.pl\/sp\/wp-content\/uploads\/photo-gallery\/Miedzynarodowy_Dzien_Drzewa\/thumb\/14_Facebook_creation_1097143025175466.jpg?bwg=1727076043\"\t\t\t\t\t\t\t\t\t\t   alt=\"14 Facebook creation 1097143025175466\"\t\t\t\t\t\t\t\t\t\t   title=\"14 Facebook creation 1097143025175466\" \/>                <div class=\"\">                  \t\t\t\t                                            <\/div>              <\/div>            <\/div>                      <\/a>                  <\/div>          <\/div>    <style>      \/*pagination styles*\/      #bwg_container1_0 #bwg_container2_0 .tablenav-pages_0 {\t\t\t\ttext-align: center;\t\t\t\tfont-size: 12px;\t\t\t\tfont-family: Ubuntu;\t\t\t\tfont-weight: bold;\t\t\t\tcolor: #666666;\t\t\t\tmargin: 6px 0 4px;\t\t\t\tdisplay: block;      }      @media only screen and (max-width : 320px) {      #bwg_container1_0 #bwg_container2_0 .displaying-num_0 {     \t display: none;      }      }      #bwg_container1_0 #bwg_container2_0 .displaying-num_0 {\t\t\t\tfont-size: 12px;\t\t\t\tfont-family: Ubuntu;\t\t\t\tfont-weight: bold;\t\t\t\tcolor: #666666;\t\t\t\tmargin-right: 10px;\t\t\t\tvertical-align: middle;      }      #bwg_container1_0 #bwg_container2_0 .paging-input_0 {\t\t\t\tfont-size: 12px;\t\t\t\tfont-family: Ubuntu;\t\t\t\tfont-weight: bold;\t\t\t\tcolor: #666666;\t\t\t\tvertical-align: middle;      }      #bwg_container1_0 #bwg_container2_0 .tablenav-pages_0 a.disabled,      #bwg_container1_0 #bwg_container2_0 .tablenav-pages_0 a.disabled:hover,      #bwg_container1_0 #bwg_container2_0 .tablenav-pages_0 a.disabled:focus,\t\t\t#bwg_container1_0 #bwg_container2_0 .tablenav-pages_0 input.bwg_current_page {\t\t\t\tcursor: default;\t\t\t\tcolor: rgba(102, 102, 102, 0.5);      }      #bwg_container1_0 #bwg_container2_0 .tablenav-pages_0 a,      #bwg_container1_0 #bwg_container2_0 .tablenav-pages_0 input.bwg_current_page {\t\t\t\tcursor: pointer;\t\t\t\ttext-align: center;\t\t\t\tfont-size: 12px;\t\t\t\tfont-family: Ubuntu;\t\t\t\tfont-weight: bold;\t\t\t\tcolor: #666666;\t\t\t\ttext-decoration: none;\t\t\t\tpadding: 3px 6px;\t\t\t\tmargin: 0;\t\t\t\tborder-radius: 0;\t\t\t\tborder-style: solid;\t\t\t\tborder-width: 1px;\t\t\t\tborder-color: #E3E3E3;\t\t\t\t\t\t\t\tbackground-color: rgba(255, 255, 255, 1.00);\t\t\t\tbox-shadow: 0;\t\t\t\ttransition: all 0.3s ease 0s;-webkit-transition: all 0.3s ease 0s;      }      <\/style>      <span class=\"bwg_nav_cont_0\">              <div class=\"tablenav-pages_0\">                      <span class=\"pagination-links_0 pagination-links\" data-pages-count=\"2\">              <span class=\"pagination-links_col1\">              <a class=\"bwg-a first-page disabled\" title=\"Przejd\u017a do pierwszej strony\" >\u00ab<\/a>              <a class=\"bwg-a prev-page disabled\" title=\"Przejd\u017a do poprzedniej strony\" >\u2039<\/a>              <\/span>\t\t\t\t\t\t\t<span class=\"pagination-links_col2\">\t\t\t\t\t\t\t\t\t<input type=\"number\" class=\"bwg_current_page\" name=\"bwg_current_page\" value=\"1\" data-url-info=\"page_number_0\" onkeypress=\"return bwg_change_page_0(event, this)\" min=\"1\" oninput=\"validity.valid||(value='')\" \/>\t\t\t\t\t\t\t\t\t\tz\t\t\t\t\t\t\t\t\t\t<span class=\"total-pages_0\">\t\t\t\t\t\t\t\t\t\t\t2\t\t\t\t\t\t\t\t\t\t<\/span>\t\t\t\t\t\t\t<\/span>              <span class=\"pagination-links_col3\">                <a class=\"bwg-a next-page-0\" title=\"Przejd\u017a do nast\u0119pnej strony\" href=\"\/sp\/wp-json\/wp\/v2\/posts\/9242?page_number_0=2\">\u203a<\/a>                <a class=\"bwg-a last-page-0\" title=\"Przejd\u017a do ostatniej strony\" href=\"\/sp\/wp-json\/wp\/v2\/posts\/9242?page_number_0=2\">\u00bb<\/a>              <\/span>\t\t\t\t\t\t<\/span>\t\t\t\t\t\t        <\/div>                <input type=\"hidden\" id=\"page_number_0\" name=\"page_number_0\" value=\"1\" \/>      <script type=\"text\/javascript\">        if( jQuery('.bwg_nav_cont_0').length > 1 ) {          jQuery('.bwg_nav_cont_0').first().remove()        }        function spider_page_0(cur, x, y, load_more) {          if (typeof load_more == \"undefined\") {            var load_more = false;          }          if (jQuery(cur).hasClass('disabled')) {            return false;          }          var items_county_0 = 2;          switch (y) {            case 1:              if (x >= items_county_0) {                document.getElementById('page_number_0').value = items_county_0;              }              else {                document.getElementById('page_number_0').value = x + 1;              }              break;            case 2:              document.getElementById('page_number_0').value = items_county_0;              break;            case -1:              if (x == 1) {                document.getElementById('page_number_0').value = 1;              }              else {                document.getElementById('page_number_0').value = x - 1;              }              break;            case -2:              document.getElementById('page_number_0').value = 1;              break;\t\t\t\t\t\tcase 0:              document.getElementById('page_number_0').value = x;              break;            default:              document.getElementById('page_number_0').value = 1;          }          bwg_ajax('gal_front_form_0', '0', 'bwg_thumbnails_masonry_0', '0', '', 'gallery', 0, '', '', load_more, '', 1);        }                    jQuery('.first-page disabled').on('click', function () {              spider_page_0(this, 1, -2, 'numeric');              return false;            });            jQuery('.prev-page disabled').on('click', function () {              spider_page_0(this, 1, -1, 'numeric');              return false;            });            jQuery('.next-page-0').on('click', function () {              spider_page_0(this, 1, 1, 'numeric');              return false;            });            jQuery('.last-page-0').on('click', function () {              spider_page_0(this, 1, 2, 'numeric');              return false;            });        \t\t\t\t\/* Change page on input enter. *\/        function bwg_change_page_0( e, that ) {          if (  e.key == 'Enter' ) {            var to_page = parseInt(jQuery(that).val());            var pages_count = jQuery(that).parents(\".pagination-links\").data(\"pages-count\");            var current_url_param = jQuery(that).attr('data-url-info');            if (to_page > pages_count) {              to_page = 1;            }\t \t\t\t\t\t\t\t\t\t\t\t\tspider_page_0(this, to_page, 0, 'numeric');\t\t\t\t\t\t\treturn false;\t\t\t\t\t\t          }          return true;        }        jQuery('.bwg_load_btn_0').on('click', function () {            spider_page_0(this, 1, 1, true);            return false;        });      <\/script>      <\/span>                <\/div>        <\/form>        <style>          #bwg_container1_0 #bwg_container2_0 #spider_popup_overlay_0 {          background-color: #EEEEEE;          opacity: 0.60;          }          <\/style>        <div id=\"bwg_spider_popup_loading_0\" class=\"bwg_spider_popup_loading\"><\/div>        <div id=\"spider_popup_overlay_0\" class=\"spider_popup_overlay\" onclick=\"spider_destroypopup(1000)\"><\/div>        <input type=\"hidden\" id=\"bwg_random_seed_0\" value=\"1320686331\">                <\/div>    <\/div>    <script>      if (document.readyState === 'complete') {        if( typeof bwg_main_ready == 'function' ) {          if ( jQuery(\"#bwg_container1_0\").height() ) {            bwg_main_ready(jQuery(\"#bwg_container1_0\"));          }        }      } else {        document.addEventListener('DOMContentLoaded', function() {          if( typeof bwg_main_ready == 'function' ) {            if ( jQuery(\"#bwg_container1_0\").height() ) {             bwg_main_ready(jQuery(\"#bwg_container1_0\"));            }          }        });      }    <\/script>    \n","protected":false},"excerpt":{"rendered":"<p>Uczniowie klas 1-3 razem z wychowawczyniami wzi\u0119li udzia\u0142 w III edycji Og\u00f3lnopolskiej Kampanii Przytul si\u0119 do drzewa z okazji zbli\u017caj\u0105cego si\u0119 Mi\u0119dzynarodowego Dnia Drzewa, kt\u00f3ry przypada na 10 pa\u017adziernika. Udzia\u0142 <a href=\"http:\/\/zs.wolczyn.pl\/sp\/przytul-sie-do-drzewa\/\" class=\"read-more\">Czytaj dalej &#8230;<\/a><\/p>\n","protected":false},"author":1,"featured_media":9243,"comment_status":"closed","ping_status":"open","sticky":false,"template":"","format":"standard","meta":{"footnotes":""},"categories":[3],"tags":[],"class_list":["post-9242","post","type-post","status-publish","format-standard","has-post-thumbnail","hentry","category-events"],"_links":{"self":[{"href":"http:\/\/zs.wolczyn.pl\/sp\/wp-json\/wp\/v2\/posts\/9242","targetHints":{"allow":["GET"]}}],"collection":[{"href":"http:\/\/zs.wolczyn.pl\/sp\/wp-json\/wp\/v2\/posts"}],"about":[{"href":"http:\/\/zs.wolczyn.pl\/sp\/wp-json\/wp\/v2\/types\/post"}],"author":[{"embeddable":true,"href":"http:\/\/zs.wolczyn.pl\/sp\/wp-json\/wp\/v2\/users\/1"}],"replies":[{"embeddable":true,"href":"http:\/\/zs.wolczyn.pl\/sp\/wp-json\/wp\/v2\/comments?post=9242"}],"version-history":[{"count":0,"href":"http:\/\/zs.wolczyn.pl\/sp\/wp-json\/wp\/v2\/posts\/9242\/revisions"}],"wp:featuredmedia":[{"embeddable":true,"href":"http:\/\/zs.wolczyn.pl\/sp\/wp-json\/wp\/v2\/media\/9243"}],"wp:attachment":[{"href":"http:\/\/zs.wolczyn.pl\/sp\/wp-json\/wp\/v2\/media?parent=9242"}],"wp:term":[{"taxonomy":"category","embeddable":true,"href":"http:\/\/zs.wolczyn.pl\/sp\/wp-json\/wp\/v2\/categories?post=9242"},{"taxonomy":"post_tag","embeddable":true,"href":"http:\/\/zs.wolczyn.pl\/sp\/wp-json\/wp\/v2\/tags?post=9242"}],"curies":[{"name":"wp","href":"https:\/\/api.w.org\/{rel}","templated":true}]}}