{"id":9352,"date":"2024-11-06T08:07:30","date_gmt":"2024-11-06T08:07:30","guid":{"rendered":"http:\/\/zs.wolczyn.pl\/sp\/?p=9352"},"modified":"2024-11-06T08:09:40","modified_gmt":"2024-11-06T08:09:40","slug":"godzina-dla-mlodych-glow","status":"publish","type":"post","link":"http:\/\/zs.wolczyn.pl\/sp\/godzina-dla-mlodych-glow\/","title":{"rendered":"Godzina dla M\u0141ODYCH G\u0141\u00d3W"},"content":{"rendered":"<p>Uczniowie wybranych klas naszej szko\u0142y realizuj\u0105 w bie\u017c\u0105cym roku szk. 2024\/25 program profilaktyczny &#8222;Godzina dla M\u0141ODYCH G\u0141\u00d3W&#8221;. <!--more-->Jego celem jest wsparcie w zakresie Pierwszej Pomocy Psychologicznej oraz promowanie higieny cyfrowej i bezpiecze\u0144stwa online.<\/p>\n<p>\u00a0<\/p>\n<p>\u00a0<\/p>\n<blockquote class=\"wp-embedded-content\" data-secret=\"ucdStivW6v\"><p><a href=\"https:\/\/mlodeglowy.pl\/kompendium\/jestem-mloda-osoba\/\">Jestem m\u0142od\u0105\u00a0osob\u0105<\/a><\/p><\/blockquote>\n<p><iframe loading=\"lazy\" class=\"wp-embedded-content\" sandbox=\"allow-scripts\" security=\"restricted\" style=\"position: absolute; visibility: hidden;\" title=\"&#8222;Jestem m\u0142od\u0105\u00a0osob\u0105&#8221; &#8212; M\u0142ode g\u0142owy\" src=\"https:\/\/mlodeglowy.pl\/kompendium\/jestem-mloda-osoba\/embed\/#?secret=EfC2bYXvoz#?secret=ucdStivW6v\" data-secret=\"ucdStivW6v\" width=\"600\" height=\"338\" frameborder=\"0\" marginwidth=\"0\" marginheight=\"0\" scrolling=\"no\"><\/iframe><\/p>\n<blockquote class=\"wp-embedded-content\" data-secret=\"fvFZ4pKEly\"><p><a href=\"https:\/\/mlodeglowy.pl\/kompendium\/jestem-rodzicem\/\">Jestem rodzicem<\/a><\/p><\/blockquote>\n<p><iframe loading=\"lazy\" class=\"wp-embedded-content\" sandbox=\"allow-scripts\" security=\"restricted\" style=\"position: absolute; visibility: hidden;\" title=\"&#8222;Jestem rodzicem&#8221; &#8212; M\u0142ode g\u0142owy\" src=\"https:\/\/mlodeglowy.pl\/kompendium\/jestem-rodzicem\/embed\/#?secret=thfT91AIv7#?secret=fvFZ4pKEly\" data-secret=\"fvFZ4pKEly\" width=\"600\" height=\"338\" frameborder=\"0\" marginwidth=\"0\" marginheight=\"0\" scrolling=\"no\"><\/iframe><\/p>\n","protected":false},"excerpt":{"rendered":"<p>Uczniowie wybranych klas naszej szko\u0142y realizuj\u0105 w bie\u017c\u0105cym roku szk. 2024\/25 program profilaktyczny &#8222;Godzina dla M\u0141ODYCH G\u0141\u00d3W&#8221;.<\/p>\n","protected":false},"author":1,"featured_media":9353,"comment_status":"closed","ping_status":"open","sticky":false,"template":"","format":"standard","meta":{"footnotes":""},"categories":[3],"tags":[],"class_list":["post-9352","post","type-post","status-publish","format-standard","has-post-thumbnail","hentry","category-events"],"_links":{"self":[{"href":"http:\/\/zs.wolczyn.pl\/sp\/wp-json\/wp\/v2\/posts\/9352","targetHints":{"allow":["GET"]}}],"collection":[{"href":"http:\/\/zs.wolczyn.pl\/sp\/wp-json\/wp\/v2\/posts"}],"about":[{"href":"http:\/\/zs.wolczyn.pl\/sp\/wp-json\/wp\/v2\/types\/post"}],"author":[{"embeddable":true,"href":"http:\/\/zs.wolczyn.pl\/sp\/wp-json\/wp\/v2\/users\/1"}],"replies":[{"embeddable":true,"href":"http:\/\/zs.wolczyn.pl\/sp\/wp-json\/wp\/v2\/comments?post=9352"}],"version-history":[{"count":0,"href":"http:\/\/zs.wolczyn.pl\/sp\/wp-json\/wp\/v2\/posts\/9352\/revisions"}],"wp:featuredmedia":[{"embeddable":true,"href":"http:\/\/zs.wolczyn.pl\/sp\/wp-json\/wp\/v2\/media\/9353"}],"wp:attachment":[{"href":"http:\/\/zs.wolczyn.pl\/sp\/wp-json\/wp\/v2\/media?parent=9352"}],"wp:term":[{"taxonomy":"category","embeddable":true,"href":"http:\/\/zs.wolczyn.pl\/sp\/wp-json\/wp\/v2\/categories?post=9352"},{"taxonomy":"post_tag","embeddable":true,"href":"http:\/\/zs.wolczyn.pl\/sp\/wp-json\/wp\/v2\/tags?post=9352"}],"curies":[{"name":"wp","href":"https:\/\/api.w.org\/{rel}","templated":true}]}}