{"id":9469,"date":"2025-01-14T12:24:15","date_gmt":"2025-01-14T12:24:15","guid":{"rendered":"http:\/\/zs.wolczyn.pl\/sp\/?p=9469"},"modified":"2025-01-14T12:31:06","modified_gmt":"2025-01-14T12:31:06","slug":"swiateczna-wizyta-wolontariuszy-w-zol-w-wolczynie","status":"publish","type":"post","link":"http:\/\/zs.wolczyn.pl\/sp\/swiateczna-wizyta-wolontariuszy-w-zol-w-wolczynie\/","title":{"rendered":"\u015awi\u0105teczna wizyta wolontariuszy w ZOL"},"content":{"rendered":"\n<p><\/p>\n\n\n<p style=\"text-align: left;\">W dniu 19.12.2024 r. uczniowie klasy 8B skupieni w Szkolnym Kole Wolontariatu wraz z opiekunk\u0105 udali si\u0119 ze \u015bwi\u0105teczn\u0105 wizyt\u0105<!--more--> do Zak\u0142adu Opieku\u0144czo &#8211; Leczniczego w Wo\u0142czynie. Odwiedziny w ZOL z okazji zbli\u017caj\u0105cych si\u0119 \u015awi\u0105t Bo\u017cego Narodzenia od kilku lat s\u0105 tradycj\u0105 naszego Ko\u0142a. Dla podopiecznych i personelu przygotowali\u015bmy dwa kosze \u015bwi\u0105tecznych s\u0142odko\u015bci i oczywi\u015bcie \u015bwi\u0105teczne \u017cyczenia. To spotkanie dostarczy\u0142o nam niew\u0105tpliwie wielu wzrusze\u0144. Pragniemy serdecznie podzi\u0119kowa\u0107 Spo\u0142eczno\u015bci Zak\u0142adu Opieku\u0144czo &#8211; Leczniczego w Wo\u0142czynie za stworzenie przyjaznej atmosfery, za ciep\u0142e i serdeczne przyj\u0119cie, Rodzicom wolontariuszy &#8211; za okazane wsparcie.<\/p>\n<p style=\"text-align: right;\"><br \/>Opiekun Szkolnego Ko\u0142a Wolontariatu<br \/>Marzanna Olszy\u0144ska<\/p>\n<p><a href=\"http:\/\/zs.wolczyn.pl\/sp\/wp-content\/uploads\/2025\/01\/IMG_20250114_082337.jpg\"><img loading=\"lazy\" decoding=\"async\" class=\"alignleft size-medium wp-image-9471\" src=\"http:\/\/zs.wolczyn.pl\/sp\/wp-content\/uploads\/2025\/01\/IMG_20250114_082337-225x300.jpg\" alt=\"\" width=\"225\" height=\"300\" srcset=\"http:\/\/zs.wolczyn.pl\/sp\/wp-content\/uploads\/2025\/01\/IMG_20250114_082337-225x300.jpg 225w, http:\/\/zs.wolczyn.pl\/sp\/wp-content\/uploads\/2025\/01\/IMG_20250114_082337-768x1024.jpg 768w, http:\/\/zs.wolczyn.pl\/sp\/wp-content\/uploads\/2025\/01\/IMG_20250114_082337-1152x1536.jpg 1152w, http:\/\/zs.wolczyn.pl\/sp\/wp-content\/uploads\/2025\/01\/IMG_20250114_082337.jpg 1200w\" sizes=\"auto, (max-width: 225px) 100vw, 225px\" \/><\/a> <a href=\"http:\/\/zs.wolczyn.pl\/sp\/wp-content\/uploads\/2025\/01\/KMBT_C3602025011408540-scaled.jpg\"><img loading=\"lazy\" decoding=\"async\" class=\"alignleft size-medium wp-image-9472\" src=\"http:\/\/zs.wolczyn.pl\/sp\/wp-content\/uploads\/2025\/01\/KMBT_C3602025011408540-300x212.jpg\" alt=\"\" width=\"300\" height=\"212\" srcset=\"http:\/\/zs.wolczyn.pl\/sp\/wp-content\/uploads\/2025\/01\/KMBT_C3602025011408540-300x212.jpg 300w, http:\/\/zs.wolczyn.pl\/sp\/wp-content\/uploads\/2025\/01\/KMBT_C3602025011408540-1024x724.jpg 1024w, http:\/\/zs.wolczyn.pl\/sp\/wp-content\/uploads\/2025\/01\/KMBT_C3602025011408540-768x543.jpg 768w, http:\/\/zs.wolczyn.pl\/sp\/wp-content\/uploads\/2025\/01\/KMBT_C3602025011408540-1536x1086.jpg 1536w, http:\/\/zs.wolczyn.pl\/sp\/wp-content\/uploads\/2025\/01\/KMBT_C3602025011408540-2048x1448.jpg 2048w\" sizes=\"auto, (max-width: 300px) 100vw, 300px\" \/><\/a><\/p>","protected":false},"excerpt":{"rendered":"<p>W dniu 19.12.2024 r. uczniowie klasy 8B skupieni w Szkolnym Kole Wolontariatu wraz z opiekunk\u0105 udali si\u0119 ze \u015bwi\u0105teczn\u0105 wizyt\u0105<\/p>\n","protected":false},"author":1,"featured_media":9478,"comment_status":"closed","ping_status":"open","sticky":false,"template":"","format":"standard","meta":{"footnotes":""},"categories":[3],"tags":[],"class_list":["post-9469","post","type-post","status-publish","format-standard","has-post-thumbnail","hentry","category-events"],"_links":{"self":[{"href":"http:\/\/zs.wolczyn.pl\/sp\/wp-json\/wp\/v2\/posts\/9469","targetHints":{"allow":["GET"]}}],"collection":[{"href":"http:\/\/zs.wolczyn.pl\/sp\/wp-json\/wp\/v2\/posts"}],"about":[{"href":"http:\/\/zs.wolczyn.pl\/sp\/wp-json\/wp\/v2\/types\/post"}],"author":[{"embeddable":true,"href":"http:\/\/zs.wolczyn.pl\/sp\/wp-json\/wp\/v2\/users\/1"}],"replies":[{"embeddable":true,"href":"http:\/\/zs.wolczyn.pl\/sp\/wp-json\/wp\/v2\/comments?post=9469"}],"version-history":[{"count":0,"href":"http:\/\/zs.wolczyn.pl\/sp\/wp-json\/wp\/v2\/posts\/9469\/revisions"}],"wp:featuredmedia":[{"embeddable":true,"href":"http:\/\/zs.wolczyn.pl\/sp\/wp-json\/wp\/v2\/media\/9478"}],"wp:attachment":[{"href":"http:\/\/zs.wolczyn.pl\/sp\/wp-json\/wp\/v2\/media?parent=9469"}],"wp:term":[{"taxonomy":"category","embeddable":true,"href":"http:\/\/zs.wolczyn.pl\/sp\/wp-json\/wp\/v2\/categories?post=9469"},{"taxonomy":"post_tag","embeddable":true,"href":"http:\/\/zs.wolczyn.pl\/sp\/wp-json\/wp\/v2\/tags?post=9469"}],"curies":[{"name":"wp","href":"https:\/\/api.w.org\/{rel}","templated":true}]}}