{"id":9958,"date":"2025-09-02T10:05:29","date_gmt":"2025-09-02T10:05:29","guid":{"rendered":"https:\/\/zs.wolczyn.pl\/sp\/?p=9958"},"modified":"2025-09-02T10:08:29","modified_gmt":"2025-09-02T10:08:29","slug":"inauguracja-roku-szkolnego-2025-26","status":"publish","type":"post","link":"http:\/\/zs.wolczyn.pl\/sp\/inauguracja-roku-szkolnego-2025-26\/","title":{"rendered":"Inauguracja roku szkolnego 2025\/26"},"content":{"rendered":"<p>Kolejny rok szkolny rozpocz\u0119li\u015bmy msz\u0105 \u015bwi\u0119t\u0105. Nast\u0119pnie udali\u015bmy si\u0119 do szko\u0142y, by wzi\u0105\u0107 udzia\u0142 w dalszej cz\u0119\u015bci uroczysto\u015bci. <\/p>\n<p>Zapraszamy do obejrzenia fotorelacji<\/p>\n<style id=\"bwg-style-0\">      #bwg_container1_0 #bwg_container2_0 #bwg_mosaic_thumbnails_div_0 {        width: 100%;        position: relative;        background-color: rgba(255, 255, 255, 0.00);        text-align: center;        justify-content: center;                  margin-left: auto;          margin-right: auto;                    padding-left: 2px;          padding-top: 2px;                }          #bwg_container1_0 #bwg_container2_0 .bwg_mosaic_thumb_spun_0 {        display: block;        position: absolute;\t\t\t\tborder-radius: 0;\t\t\t\tborder: 0px none #CCCCCC;    \t\t    \t\tbackground-color:rgba(0,0,0, 0.30);        -moz-box-sizing: content-box !important;        -webkit-box-sizing: content-box !important;        box-sizing: content-box !important;      }\t\t\t#bwg_container1_0 #bwg_container2_0 .bwg_mosaic_thumb_0 {\t\t\t\tdisplay: block;\t\t\t\t-moz-box-sizing: content-box !important;\t\t\t\t-webkit-box-sizing: content-box !important;\t\t\t\tbox-sizing: content-box !important;\t\t\t\tmargin: 0;\t\t\t\topacity: 1.00;\t\t\t}      #bwg_container1_0 #bwg_container2_0 .bwg_mosaic_thumb_spun_0:hover {        opacity: 1;        backface-visibility: hidden;        -webkit-backface-visibility: hidden;        -moz-backface-visibility: hidden;        -ms-backface-visibility: hidden;        z-index: 102;      }\t     @media only screen and (min-width: 480px) {\t\t#bwg_container1_0 #bwg_container2_0 .bwg-container-0.bwg-mosaic-thumbnails .bwg-item0 img {\t\t\t-webkit-transition: -webkit-transform .3s; transition: transform .3s;\t\t}\t\t#bwg_container1_0 #bwg_container2_0 .bwg-container-0.bwg-mosaic-thumbnails .bwg-item0 img:hover {\t\t\t-ms-transform: scale(1.08);\t\t\t-webkit-transform: scale(1.08);\t\t\ttransform: scale(1.08);\t\t}\t\t      }\t      #bwg_container1_0 #bwg_container2_0 .bwg_mosaic_thumbnails_0 {        background-color: rgba(255, 255, 255, 0.00);        font-size: 0;        position: relative;        text-align: center;        display: inline-block;        visibility: hidden;              }\t  \/*image title styles*\/      #bwg_container1_0 #bwg_container2_0 .bwg_mosaic_title_spun1_0,      #bwg_container1_0 #bwg_container2_0 .bwg-mosaic-thumbnails .bwg_ecommerce_spun1_0 {        position: absolute;        display: block;        opacity: 0;        box-sizing: border-box;        text-align: center;\t\t\t\ttop: 50%;\t\t\t\tleft: 50%;\t\t\t\ttransform: translate(-50%, -50%);      }      #bwg_container1_0 #bwg_container2_0 .bwg-mosaic-thumbnails .bwg_mosaic_title_spun2_0,      #bwg_container1_0 #bwg_container2_0 .bwg-mosaic-thumbnails .bwg_ecommerce_spun2_0 {\t\t    color: #323A45;        font-family: Ubuntu;        font-size: 16px;        font-weight: bold;        text-shadow: ;        vertical-align: middle;        word-wrap: break-word;      }            .bwg_mosaic_play_icon_spun_0 {        display: table;        position: absolute;        left: -10000px;        top: 0px;        opacity: 0;      }      .bwg_mosaic_play_icon_0 {        color: #323A45;        font-size: 32px;        vertical-align: middle;        display: table-cell !important;        z-index: 1;        text-align: center;        margin: 0 auto;      }      #bwg_container1_0 #bwg_container2_0 .bwg_gal_title_0 {        background-color: rgba(0, 0, 0, 0);        color: #323A45;        display: block;        font-family: Ubuntu;        font-size: 16px;        font-weight: bold;        padding: 2px;        text-shadow: ;        text-align: center;      }      <\/style>    <div id=\"bwg_container1_0\"         class=\"bwg_container bwg_thumbnail bwg_thumbnails_mosaic \"         data-right-click-protection=\"0\"         data-bwg=\"0\"         data-scroll=\"0\"         data-gallery-type=\"thumbnails_mosaic\"         data-gallery-view-type=\"thumbnails_mosaic\"         data-current-url=\"\/sp\/wp-json\/wp\/v2\/posts\/9958\"         data-lightbox-url=\"http:\/\/zs.wolczyn.pl\/sp\/wp-admin\/admin-ajax.php?action=GalleryBox&#038;current_view=0&#038;gallery_id=95&#038;tag=0&#038;theme_id=1&#038;shortcode_id=180&#038;sort_by=order&#038;order_by=asc&#038;current_url=%2Fsp%2Fwp-json%2Fwp%2Fv2%2Fposts%2F9958\"         data-gallery-id=\"95\"         data-popup-width=\"800\"         data-popup-height=\"500\"         data-is-album=\"gallery\"         data-buttons-position=\"bottom\">      <div id=\"bwg_container2_0\">             <div id=\"ajax_loading_0\" class=\"bwg_loading_div_1\">      <div class=\"bwg_loading_div_2\">        <div class=\"bwg_loading_div_3\">          <div id=\"loading_div_0\" class=\"bwg_spider_ajax_loading\">          <\/div>        <\/div>      <\/div>    <\/div>            <form id=\"gal_front_form_0\"              class=\"bwg-hidden\"              method=\"post\"              action=\"#\"              data-current=\"0\"              data-shortcode-id=\"180\"              data-gallery-type=\"thumbnails_mosaic\"              data-gallery-id=\"95\"              data-tag=\"0\"              data-album-id=\"0\"              data-theme-id=\"1\"              data-ajax-url=\"http:\/\/zs.wolczyn.pl\/sp\/wp-admin\/admin-ajax.php?action=bwg_frontend_data\">          <div id=\"bwg_container3_0\" class=\"bwg-background bwg-background-0\">                <div id=\"bwg_mosaic_thumbnails_div_0\"         class=\"bwg-container-0 bwg-container bwg-mosaic-thumbnails\"         data-bwg=\"0\"         data-mosaic-direction=\"horizontal\"         data-resizable=\"0\"         data-width=\"198\"         data-height=\"198\"         data-total-width=\"100\"         data-block-id=\"bwg_thumbnails_mosaic_0\"         data-thumb-padding=\"2\"         data-thumb-border=\"0\"         data-title-margin=\"2px\"         data-image-title=\"none\"         data-play-icon=\"1\"         data-ecommerce-icon=\"none\"         data-gallery-id=\"95\"         data-lightbox-url=\"http:\/\/zs.wolczyn.pl\/sp\/wp-admin\/admin-ajax.php?action=GalleryBox&#038;current_view=0&#038;gallery_id=95&#038;tag=0&#038;theme_id=1&#038;shortcode_id=180&#038;sort_by=order&#038;order_by=asc&#038;current_url=%2Fsp%2Fwp-json%2Fwp%2Fv2%2Fposts%2F9958\"         data-mosaic-thumb-transition=\"1\"         style=\"visibility: hidden\" >      <div id=\"bwg_thumbnails_mosaic_0\" class=\"bwg_mosaic_thumbnails_0\">                  <a  class=\"bwg-a bwg_lightbox bwg_lightbox_0\" href=\"http:\/\/zs.wolczyn.pl\/sp\/wp-content\/uploads\/photo-gallery\/Rozpoczecie_roku_szkolnego_25-26\/1__ZSW0003.jpg?bwg=1756807419\" data-image-id=\"1907\" data-elementor-open-lightbox=\"no\">          <div class=\"bwg_mosaic_thumb_spun_0 bwg-item0 bwg-mosaic-thumb-span \">            <img decoding=\"async\" class=\"bwg_mosaic_thumb_0 skip-lazy bwg_img_clear bwg_img_custom \"                 id=\"1907\"                 src=\"http:\/\/zs.wolczyn.pl\/sp\/wp-content\/uploads\/photo-gallery\/Rozpoczecie_roku_szkolnego_25-26\/thumb\/1__ZSW0003.jpg?bwg=1756807419\"                 data-src=\"http:\/\/zs.wolczyn.pl\/sp\/wp-content\/uploads\/photo-gallery\/Rozpoczecie_roku_szkolnego_25-26\/thumb\/1__ZSW0003.jpg?bwg=1756807419\"                 data-width=\"500.00\"                 data-height=\"333.00\"                 alt=\"1  ZSW0003\"                 title=\"1  ZSW0003\" \/>                      <\/div>        <\/a>                <a  class=\"bwg-a bwg_lightbox bwg_lightbox_0\" href=\"http:\/\/zs.wolczyn.pl\/sp\/wp-content\/uploads\/photo-gallery\/Rozpoczecie_roku_szkolnego_25-26\/3__ZSW0006.jpg?bwg=1756807419\" data-image-id=\"1908\" data-elementor-open-lightbox=\"no\">          <div class=\"bwg_mosaic_thumb_spun_0 bwg-item0 bwg-mosaic-thumb-span \">            <img decoding=\"async\" class=\"bwg_mosaic_thumb_0 skip-lazy bwg_img_clear bwg_img_custom \"                 id=\"1908\"                 src=\"http:\/\/zs.wolczyn.pl\/sp\/wp-content\/uploads\/photo-gallery\/Rozpoczecie_roku_szkolnego_25-26\/thumb\/3__ZSW0006.jpg?bwg=1756807419\"                 data-src=\"http:\/\/zs.wolczyn.pl\/sp\/wp-content\/uploads\/photo-gallery\/Rozpoczecie_roku_szkolnego_25-26\/thumb\/3__ZSW0006.jpg?bwg=1756807419\"                 data-width=\"500.00\"                 data-height=\"333.00\"                 alt=\"3  ZSW0006\"                 title=\"3  ZSW0006\" \/>                      <\/div>        <\/a>                <a  class=\"bwg-a bwg_lightbox bwg_lightbox_0\" href=\"http:\/\/zs.wolczyn.pl\/sp\/wp-content\/uploads\/photo-gallery\/Rozpoczecie_roku_szkolnego_25-26\/4__ZSW0007.jpg?bwg=1756807419\" data-image-id=\"1910\" data-elementor-open-lightbox=\"no\">          <div class=\"bwg_mosaic_thumb_spun_0 bwg-item0 bwg-mosaic-thumb-span \">            <img decoding=\"async\" class=\"bwg_mosaic_thumb_0 skip-lazy bwg_img_clear bwg_img_custom \"                 id=\"1910\"                 src=\"http:\/\/zs.wolczyn.pl\/sp\/wp-content\/uploads\/photo-gallery\/Rozpoczecie_roku_szkolnego_25-26\/thumb\/4__ZSW0007.jpg?bwg=1756807419\"                 data-src=\"http:\/\/zs.wolczyn.pl\/sp\/wp-content\/uploads\/photo-gallery\/Rozpoczecie_roku_szkolnego_25-26\/thumb\/4__ZSW0007.jpg?bwg=1756807419\"                 data-width=\"500.00\"                 data-height=\"333.00\"                 alt=\"4  ZSW0007\"                 title=\"4  ZSW0007\" \/>                      <\/div>        <\/a>                <a  class=\"bwg-a bwg_lightbox bwg_lightbox_0\" href=\"http:\/\/zs.wolczyn.pl\/sp\/wp-content\/uploads\/photo-gallery\/Rozpoczecie_roku_szkolnego_25-26\/6__ZSW0011.jpg?bwg=1756807419\" data-image-id=\"1909\" data-elementor-open-lightbox=\"no\">          <div class=\"bwg_mosaic_thumb_spun_0 bwg-item0 bwg-mosaic-thumb-span \">            <img decoding=\"async\" class=\"bwg_mosaic_thumb_0 skip-lazy bwg_img_clear bwg_img_custom \"                 id=\"1909\"                 src=\"http:\/\/zs.wolczyn.pl\/sp\/wp-content\/uploads\/photo-gallery\/Rozpoczecie_roku_szkolnego_25-26\/thumb\/6__ZSW0011.jpg?bwg=1756807419\"                 data-src=\"http:\/\/zs.wolczyn.pl\/sp\/wp-content\/uploads\/photo-gallery\/Rozpoczecie_roku_szkolnego_25-26\/thumb\/6__ZSW0011.jpg?bwg=1756807419\"                 data-width=\"500.00\"                 data-height=\"333.00\"                 alt=\"6  ZSW0011\"                 title=\"6  ZSW0011\" \/>                      <\/div>        <\/a>                <a  class=\"bwg-a bwg_lightbox bwg_lightbox_0\" href=\"http:\/\/zs.wolczyn.pl\/sp\/wp-content\/uploads\/photo-gallery\/Rozpoczecie_roku_szkolnego_25-26\/7__ZSW0013.jpg?bwg=1756807419\" data-image-id=\"1911\" data-elementor-open-lightbox=\"no\">          <div class=\"bwg_mosaic_thumb_spun_0 bwg-item0 bwg-mosaic-thumb-span \">            <img decoding=\"async\" class=\"bwg_mosaic_thumb_0 skip-lazy bwg_img_clear bwg_img_custom \"                 id=\"1911\"                 src=\"http:\/\/zs.wolczyn.pl\/sp\/wp-content\/uploads\/photo-gallery\/Rozpoczecie_roku_szkolnego_25-26\/thumb\/7__ZSW0013.jpg?bwg=1756807419\"                 data-src=\"http:\/\/zs.wolczyn.pl\/sp\/wp-content\/uploads\/photo-gallery\/Rozpoczecie_roku_szkolnego_25-26\/thumb\/7__ZSW0013.jpg?bwg=1756807419\"                 data-width=\"500.00\"                 data-height=\"333.00\"                 alt=\"7  ZSW0013\"                 title=\"7  ZSW0013\" \/>                      <\/div>        <\/a>                <a  class=\"bwg-a bwg_lightbox bwg_lightbox_0\" href=\"http:\/\/zs.wolczyn.pl\/sp\/wp-content\/uploads\/photo-gallery\/Rozpoczecie_roku_szkolnego_25-26\/8__ZSW0014.jpg?bwg=1756807419\" data-image-id=\"1912\" data-elementor-open-lightbox=\"no\">          <div class=\"bwg_mosaic_thumb_spun_0 bwg-item0 bwg-mosaic-thumb-span \">            <img decoding=\"async\" class=\"bwg_mosaic_thumb_0 skip-lazy bwg_img_clear bwg_img_custom \"                 id=\"1912\"                 src=\"http:\/\/zs.wolczyn.pl\/sp\/wp-content\/uploads\/photo-gallery\/Rozpoczecie_roku_szkolnego_25-26\/thumb\/8__ZSW0014.jpg?bwg=1756807419\"                 data-src=\"http:\/\/zs.wolczyn.pl\/sp\/wp-content\/uploads\/photo-gallery\/Rozpoczecie_roku_szkolnego_25-26\/thumb\/8__ZSW0014.jpg?bwg=1756807419\"                 data-width=\"500.00\"                 data-height=\"333.00\"                 alt=\"8  ZSW0014\"                 title=\"8  ZSW0014\" \/>                      <\/div>        <\/a>                <a  class=\"bwg-a bwg_lightbox bwg_lightbox_0\" href=\"http:\/\/zs.wolczyn.pl\/sp\/wp-content\/uploads\/photo-gallery\/Rozpoczecie_roku_szkolnego_25-26\/9__ZSW0015.jpg?bwg=1756807419\" data-image-id=\"1913\" data-elementor-open-lightbox=\"no\">          <div class=\"bwg_mosaic_thumb_spun_0 bwg-item0 bwg-mosaic-thumb-span \">            <img decoding=\"async\" class=\"bwg_mosaic_thumb_0 skip-lazy bwg_img_clear bwg_img_custom \"                 id=\"1913\"                 src=\"http:\/\/zs.wolczyn.pl\/sp\/wp-content\/uploads\/photo-gallery\/Rozpoczecie_roku_szkolnego_25-26\/thumb\/9__ZSW0015.jpg?bwg=1756807419\"                 data-src=\"http:\/\/zs.wolczyn.pl\/sp\/wp-content\/uploads\/photo-gallery\/Rozpoczecie_roku_szkolnego_25-26\/thumb\/9__ZSW0015.jpg?bwg=1756807419\"                 data-width=\"500.00\"                 data-height=\"333.00\"                 alt=\"9  ZSW0015\"                 title=\"9  ZSW0015\" \/>                      <\/div>        <\/a>                <a  class=\"bwg-a bwg_lightbox bwg_lightbox_0\" href=\"http:\/\/zs.wolczyn.pl\/sp\/wp-content\/uploads\/photo-gallery\/Rozpoczecie_roku_szkolnego_25-26\/10__ZSW0017.jpg?bwg=1756807419\" data-image-id=\"1914\" data-elementor-open-lightbox=\"no\">          <div class=\"bwg_mosaic_thumb_spun_0 bwg-item0 bwg-mosaic-thumb-span \">            <img decoding=\"async\" class=\"bwg_mosaic_thumb_0 skip-lazy bwg_img_clear bwg_img_custom \"                 id=\"1914\"                 src=\"http:\/\/zs.wolczyn.pl\/sp\/wp-content\/uploads\/photo-gallery\/Rozpoczecie_roku_szkolnego_25-26\/thumb\/10__ZSW0017.jpg?bwg=1756807419\"                 data-src=\"http:\/\/zs.wolczyn.pl\/sp\/wp-content\/uploads\/photo-gallery\/Rozpoczecie_roku_szkolnego_25-26\/thumb\/10__ZSW0017.jpg?bwg=1756807419\"                 data-width=\"500.00\"                 data-height=\"333.00\"                 alt=\"10  ZSW0017\"                 title=\"10  ZSW0017\" \/>                      <\/div>        <\/a>                <a  class=\"bwg-a bwg_lightbox bwg_lightbox_0\" href=\"http:\/\/zs.wolczyn.pl\/sp\/wp-content\/uploads\/photo-gallery\/Rozpoczecie_roku_szkolnego_25-26\/11__ZSW0018.jpg?bwg=1756807419\" data-image-id=\"1916\" data-elementor-open-lightbox=\"no\">          <div class=\"bwg_mosaic_thumb_spun_0 bwg-item0 bwg-mosaic-thumb-span \">            <img decoding=\"async\" class=\"bwg_mosaic_thumb_0 skip-lazy bwg_img_clear bwg_img_custom \"                 id=\"1916\"                 src=\"http:\/\/zs.wolczyn.pl\/sp\/wp-content\/uploads\/photo-gallery\/Rozpoczecie_roku_szkolnego_25-26\/thumb\/11__ZSW0018.jpg?bwg=1756807419\"                 data-src=\"http:\/\/zs.wolczyn.pl\/sp\/wp-content\/uploads\/photo-gallery\/Rozpoczecie_roku_szkolnego_25-26\/thumb\/11__ZSW0018.jpg?bwg=1756807419\"                 data-width=\"500.00\"                 data-height=\"333.00\"                 alt=\"11  ZSW0018\"                 title=\"11  ZSW0018\" \/>                      <\/div>        <\/a>                <a  class=\"bwg-a bwg_lightbox bwg_lightbox_0\" href=\"http:\/\/zs.wolczyn.pl\/sp\/wp-content\/uploads\/photo-gallery\/Rozpoczecie_roku_szkolnego_25-26\/12__ZSW0019.jpg?bwg=1756807419\" data-image-id=\"1915\" data-elementor-open-lightbox=\"no\">          <div class=\"bwg_mosaic_thumb_spun_0 bwg-item0 bwg-mosaic-thumb-span \">            <img decoding=\"async\" class=\"bwg_mosaic_thumb_0 skip-lazy bwg_img_clear bwg_img_custom \"                 id=\"1915\"                 src=\"http:\/\/zs.wolczyn.pl\/sp\/wp-content\/uploads\/photo-gallery\/Rozpoczecie_roku_szkolnego_25-26\/thumb\/12__ZSW0019.jpg?bwg=1756807419\"                 data-src=\"http:\/\/zs.wolczyn.pl\/sp\/wp-content\/uploads\/photo-gallery\/Rozpoczecie_roku_szkolnego_25-26\/thumb\/12__ZSW0019.jpg?bwg=1756807419\"                 data-width=\"500.00\"                 data-height=\"333.00\"                 alt=\"12  ZSW0019\"                 title=\"12  ZSW0019\" \/>                      <\/div>        <\/a>                <a  class=\"bwg-a bwg_lightbox bwg_lightbox_0\" href=\"http:\/\/zs.wolczyn.pl\/sp\/wp-content\/uploads\/photo-gallery\/Rozpoczecie_roku_szkolnego_25-26\/13__ZSW0020.jpg?bwg=1756807419\" data-image-id=\"1917\" data-elementor-open-lightbox=\"no\">          <div class=\"bwg_mosaic_thumb_spun_0 bwg-item0 bwg-mosaic-thumb-span \">            <img decoding=\"async\" class=\"bwg_mosaic_thumb_0 skip-lazy bwg_img_clear bwg_img_custom \"                 id=\"1917\"                 src=\"http:\/\/zs.wolczyn.pl\/sp\/wp-content\/uploads\/photo-gallery\/Rozpoczecie_roku_szkolnego_25-26\/thumb\/13__ZSW0020.jpg?bwg=1756807419\"                 data-src=\"http:\/\/zs.wolczyn.pl\/sp\/wp-content\/uploads\/photo-gallery\/Rozpoczecie_roku_szkolnego_25-26\/thumb\/13__ZSW0020.jpg?bwg=1756807419\"                 data-width=\"500.00\"                 data-height=\"333.00\"                 alt=\"13  ZSW0020\"                 title=\"13  ZSW0020\" \/>                      <\/div>        <\/a>                <a  class=\"bwg-a bwg_lightbox bwg_lightbox_0\" href=\"http:\/\/zs.wolczyn.pl\/sp\/wp-content\/uploads\/photo-gallery\/Rozpoczecie_roku_szkolnego_25-26\/14__ZSW0021.jpg?bwg=1756807419\" data-image-id=\"1918\" data-elementor-open-lightbox=\"no\">          <div class=\"bwg_mosaic_thumb_spun_0 bwg-item0 bwg-mosaic-thumb-span \">            <img decoding=\"async\" class=\"bwg_mosaic_thumb_0 skip-lazy bwg_img_clear bwg_img_custom \"                 id=\"1918\"                 src=\"http:\/\/zs.wolczyn.pl\/sp\/wp-content\/uploads\/photo-gallery\/Rozpoczecie_roku_szkolnego_25-26\/thumb\/14__ZSW0021.jpg?bwg=1756807419\"                 data-src=\"http:\/\/zs.wolczyn.pl\/sp\/wp-content\/uploads\/photo-gallery\/Rozpoczecie_roku_szkolnego_25-26\/thumb\/14__ZSW0021.jpg?bwg=1756807419\"                 data-width=\"500.00\"                 data-height=\"333.00\"                 alt=\"14  ZSW0021\"                 title=\"14  ZSW0021\" \/>                      <\/div>        <\/a>                <a  class=\"bwg-a bwg_lightbox bwg_lightbox_0\" href=\"http:\/\/zs.wolczyn.pl\/sp\/wp-content\/uploads\/photo-gallery\/Rozpoczecie_roku_szkolnego_25-26\/15__ZSW0022.jpg?bwg=1756807419\" data-image-id=\"1919\" data-elementor-open-lightbox=\"no\">          <div class=\"bwg_mosaic_thumb_spun_0 bwg-item0 bwg-mosaic-thumb-span \">            <img decoding=\"async\" class=\"bwg_mosaic_thumb_0 skip-lazy bwg_img_clear bwg_img_custom \"                 id=\"1919\"                 src=\"http:\/\/zs.wolczyn.pl\/sp\/wp-content\/uploads\/photo-gallery\/Rozpoczecie_roku_szkolnego_25-26\/thumb\/15__ZSW0022.jpg?bwg=1756807419\"                 data-src=\"http:\/\/zs.wolczyn.pl\/sp\/wp-content\/uploads\/photo-gallery\/Rozpoczecie_roku_szkolnego_25-26\/thumb\/15__ZSW0022.jpg?bwg=1756807419\"                 data-width=\"500.00\"                 data-height=\"333.00\"                 alt=\"15  ZSW0022\"                 title=\"15  ZSW0022\" \/>                      <\/div>        <\/a>                <a  class=\"bwg-a bwg_lightbox bwg_lightbox_0\" href=\"http:\/\/zs.wolczyn.pl\/sp\/wp-content\/uploads\/photo-gallery\/Rozpoczecie_roku_szkolnego_25-26\/16__ZSW0023.jpg?bwg=1756807419\" data-image-id=\"1920\" data-elementor-open-lightbox=\"no\">          <div class=\"bwg_mosaic_thumb_spun_0 bwg-item0 bwg-mosaic-thumb-span \">            <img decoding=\"async\" class=\"bwg_mosaic_thumb_0 skip-lazy bwg_img_clear bwg_img_custom \"                 id=\"1920\"                 src=\"http:\/\/zs.wolczyn.pl\/sp\/wp-content\/uploads\/photo-gallery\/Rozpoczecie_roku_szkolnego_25-26\/thumb\/16__ZSW0023.jpg?bwg=1756807419\"                 data-src=\"http:\/\/zs.wolczyn.pl\/sp\/wp-content\/uploads\/photo-gallery\/Rozpoczecie_roku_szkolnego_25-26\/thumb\/16__ZSW0023.jpg?bwg=1756807419\"                 data-width=\"500.00\"                 data-height=\"333.00\"                 alt=\"16  ZSW0023\"                 title=\"16  ZSW0023\" \/>                      <\/div>        <\/a>                <a  class=\"bwg-a bwg_lightbox bwg_lightbox_0\" href=\"http:\/\/zs.wolczyn.pl\/sp\/wp-content\/uploads\/photo-gallery\/Rozpoczecie_roku_szkolnego_25-26\/17__ZSW0024.jpg?bwg=1756807419\" data-image-id=\"1921\" data-elementor-open-lightbox=\"no\">          <div class=\"bwg_mosaic_thumb_spun_0 bwg-item0 bwg-mosaic-thumb-span \">            <img decoding=\"async\" class=\"bwg_mosaic_thumb_0 skip-lazy bwg_img_clear bwg_img_custom \"                 id=\"1921\"                 src=\"http:\/\/zs.wolczyn.pl\/sp\/wp-content\/uploads\/photo-gallery\/Rozpoczecie_roku_szkolnego_25-26\/thumb\/17__ZSW0024.jpg?bwg=1756807419\"                 data-src=\"http:\/\/zs.wolczyn.pl\/sp\/wp-content\/uploads\/photo-gallery\/Rozpoczecie_roku_szkolnego_25-26\/thumb\/17__ZSW0024.jpg?bwg=1756807419\"                 data-width=\"500.00\"                 data-height=\"333.00\"                 alt=\"17  ZSW0024\"                 title=\"17  ZSW0024\" \/>                      <\/div>        <\/a>                <a  class=\"bwg-a bwg_lightbox bwg_lightbox_0\" href=\"http:\/\/zs.wolczyn.pl\/sp\/wp-content\/uploads\/photo-gallery\/Rozpoczecie_roku_szkolnego_25-26\/18__ZSW0026.jpg?bwg=1756807419\" data-image-id=\"1922\" data-elementor-open-lightbox=\"no\">          <div class=\"bwg_mosaic_thumb_spun_0 bwg-item0 bwg-mosaic-thumb-span \">            <img decoding=\"async\" class=\"bwg_mosaic_thumb_0 skip-lazy bwg_img_clear bwg_img_custom \"                 id=\"1922\"                 src=\"http:\/\/zs.wolczyn.pl\/sp\/wp-content\/uploads\/photo-gallery\/Rozpoczecie_roku_szkolnego_25-26\/thumb\/18__ZSW0026.jpg?bwg=1756807419\"                 data-src=\"http:\/\/zs.wolczyn.pl\/sp\/wp-content\/uploads\/photo-gallery\/Rozpoczecie_roku_szkolnego_25-26\/thumb\/18__ZSW0026.jpg?bwg=1756807419\"                 data-width=\"500.00\"                 data-height=\"333.00\"                 alt=\"18  ZSW0026\"                 title=\"18  ZSW0026\" \/>                      <\/div>        <\/a>                <a  class=\"bwg-a bwg_lightbox bwg_lightbox_0\" href=\"http:\/\/zs.wolczyn.pl\/sp\/wp-content\/uploads\/photo-gallery\/Rozpoczecie_roku_szkolnego_25-26\/19__ZSW0027.jpg?bwg=1756807419\" data-image-id=\"1923\" data-elementor-open-lightbox=\"no\">          <div class=\"bwg_mosaic_thumb_spun_0 bwg-item0 bwg-mosaic-thumb-span \">            <img decoding=\"async\" class=\"bwg_mosaic_thumb_0 skip-lazy bwg_img_clear bwg_img_custom \"                 id=\"1923\"                 src=\"http:\/\/zs.wolczyn.pl\/sp\/wp-content\/uploads\/photo-gallery\/Rozpoczecie_roku_szkolnego_25-26\/thumb\/19__ZSW0027.jpg?bwg=1756807419\"                 data-src=\"http:\/\/zs.wolczyn.pl\/sp\/wp-content\/uploads\/photo-gallery\/Rozpoczecie_roku_szkolnego_25-26\/thumb\/19__ZSW0027.jpg?bwg=1756807419\"                 data-width=\"500.00\"                 data-height=\"333.00\"                 alt=\"19  ZSW0027\"                 title=\"19  ZSW0027\" \/>                      <\/div>        <\/a>                <a  class=\"bwg-a bwg_lightbox bwg_lightbox_0\" href=\"http:\/\/zs.wolczyn.pl\/sp\/wp-content\/uploads\/photo-gallery\/Rozpoczecie_roku_szkolnego_25-26\/20__ZSW0028.jpg?bwg=1756807419\" data-image-id=\"1924\" data-elementor-open-lightbox=\"no\">          <div class=\"bwg_mosaic_thumb_spun_0 bwg-item0 bwg-mosaic-thumb-span \">            <img decoding=\"async\" class=\"bwg_mosaic_thumb_0 skip-lazy bwg_img_clear bwg_img_custom \"                 id=\"1924\"                 src=\"http:\/\/zs.wolczyn.pl\/sp\/wp-content\/uploads\/photo-gallery\/Rozpoczecie_roku_szkolnego_25-26\/thumb\/20__ZSW0028.jpg?bwg=1756807419\"                 data-src=\"http:\/\/zs.wolczyn.pl\/sp\/wp-content\/uploads\/photo-gallery\/Rozpoczecie_roku_szkolnego_25-26\/thumb\/20__ZSW0028.jpg?bwg=1756807419\"                 data-width=\"500.00\"                 data-height=\"333.00\"                 alt=\"20  ZSW0028\"                 title=\"20  ZSW0028\" \/>                      <\/div>        <\/a>                <a  class=\"bwg-a bwg_lightbox bwg_lightbox_0\" href=\"http:\/\/zs.wolczyn.pl\/sp\/wp-content\/uploads\/photo-gallery\/Rozpoczecie_roku_szkolnego_25-26\/21__ZSW0030.jpg?bwg=1756807419\" data-image-id=\"1926\" data-elementor-open-lightbox=\"no\">          <div class=\"bwg_mosaic_thumb_spun_0 bwg-item0 bwg-mosaic-thumb-span \">            <img decoding=\"async\" class=\"bwg_mosaic_thumb_0 skip-lazy bwg_img_clear bwg_img_custom \"                 id=\"1926\"                 src=\"http:\/\/zs.wolczyn.pl\/sp\/wp-content\/uploads\/photo-gallery\/Rozpoczecie_roku_szkolnego_25-26\/thumb\/21__ZSW0030.jpg?bwg=1756807419\"                 data-src=\"http:\/\/zs.wolczyn.pl\/sp\/wp-content\/uploads\/photo-gallery\/Rozpoczecie_roku_szkolnego_25-26\/thumb\/21__ZSW0030.jpg?bwg=1756807419\"                 data-width=\"500.00\"                 data-height=\"333.00\"                 alt=\"21  ZSW0030\"                 title=\"21  ZSW0030\" \/>                      <\/div>        <\/a>                <a  class=\"bwg-a bwg_lightbox bwg_lightbox_0\" href=\"http:\/\/zs.wolczyn.pl\/sp\/wp-content\/uploads\/photo-gallery\/Rozpoczecie_roku_szkolnego_25-26\/23__ZSW0032.jpg?bwg=1756807419\" data-image-id=\"1925\" data-elementor-open-lightbox=\"no\">          <div class=\"bwg_mosaic_thumb_spun_0 bwg-item0 bwg-mosaic-thumb-span \">            <img decoding=\"async\" class=\"bwg_mosaic_thumb_0 skip-lazy bwg_img_clear bwg_img_custom \"                 id=\"1925\"                 src=\"http:\/\/zs.wolczyn.pl\/sp\/wp-content\/uploads\/photo-gallery\/Rozpoczecie_roku_szkolnego_25-26\/thumb\/23__ZSW0032.jpg?bwg=1756807419\"                 data-src=\"http:\/\/zs.wolczyn.pl\/sp\/wp-content\/uploads\/photo-gallery\/Rozpoczecie_roku_szkolnego_25-26\/thumb\/23__ZSW0032.jpg?bwg=1756807419\"                 data-width=\"500.00\"                 data-height=\"333.00\"                 alt=\"23  ZSW0032\"                 title=\"23  ZSW0032\" \/>                      <\/div>        <\/a>            <\/div>    <\/div>    <style>      \/*pagination styles*\/      #bwg_container1_0 #bwg_container2_0 .tablenav-pages_0 {\t\t\t\ttext-align: center;\t\t\t\tfont-size: 12px;\t\t\t\tfont-family: Ubuntu;\t\t\t\tfont-weight: bold;\t\t\t\tcolor: #666666;\t\t\t\tmargin: 6px 0 4px;\t\t\t\tdisplay: block;      }      @media only screen and (max-width : 320px) {      #bwg_container1_0 #bwg_container2_0 .displaying-num_0 {     \t display: none;      }      }      #bwg_container1_0 #bwg_container2_0 .displaying-num_0 {\t\t\t\tfont-size: 12px;\t\t\t\tfont-family: Ubuntu;\t\t\t\tfont-weight: bold;\t\t\t\tcolor: #666666;\t\t\t\tmargin-right: 10px;\t\t\t\tvertical-align: middle;      }      #bwg_container1_0 #bwg_container2_0 .paging-input_0 {\t\t\t\tfont-size: 12px;\t\t\t\tfont-family: Ubuntu;\t\t\t\tfont-weight: bold;\t\t\t\tcolor: #666666;\t\t\t\tvertical-align: middle;      }      #bwg_container1_0 #bwg_container2_0 .tablenav-pages_0 a.disabled,      #bwg_container1_0 #bwg_container2_0 .tablenav-pages_0 a.disabled:hover,      #bwg_container1_0 #bwg_container2_0 .tablenav-pages_0 a.disabled:focus,\t\t\t#bwg_container1_0 #bwg_container2_0 .tablenav-pages_0 input.bwg_current_page {\t\t\t\tcursor: default;\t\t\t\tcolor: rgba(102, 102, 102, 0.5);      }      #bwg_container1_0 #bwg_container2_0 .tablenav-pages_0 a,      #bwg_container1_0 #bwg_container2_0 .tablenav-pages_0 input.bwg_current_page {\t\t\t\tcursor: pointer;\t\t\t\ttext-align: center;\t\t\t\tfont-size: 12px;\t\t\t\tfont-family: Ubuntu;\t\t\t\tfont-weight: bold;\t\t\t\tcolor: #666666;\t\t\t\ttext-decoration: none;\t\t\t\tpadding: 3px 6px;\t\t\t\tmargin: 0;\t\t\t\tborder-radius: 0;\t\t\t\tborder-style: solid;\t\t\t\tborder-width: 1px;\t\t\t\tborder-color: #E3E3E3;\t\t\t\t\t\t\t\tbackground-color: rgba(255, 255, 255, 1.00);\t\t\t\tbox-shadow: 0;\t\t\t\ttransition: all 0.3s ease 0s;-webkit-transition: all 0.3s ease 0s;      }      <\/style>      <span class=\"bwg_nav_cont_0\">              <div class=\"tablenav-pages_0\">                      <span class=\"pagination-links_0 pagination-links\" data-pages-count=\"3\">              <span class=\"pagination-links_col1\">              <a class=\"bwg-a first-page disabled\" title=\"Przejd\u017a do pierwszej strony\" >\u00ab<\/a>              <a class=\"bwg-a prev-page disabled\" title=\"Przejd\u017a do poprzedniej strony\" >\u2039<\/a>              <\/span>\t\t\t\t\t\t\t<span class=\"pagination-links_col2\">\t\t\t\t\t\t\t\t\t<input type=\"number\" class=\"bwg_current_page\" name=\"bwg_current_page\" value=\"1\" data-url-info=\"page_number_0\" onkeypress=\"return bwg_change_page_0(event, this)\" min=\"1\" oninput=\"validity.valid||(value='')\" \/>\t\t\t\t\t\t\t\t\t\tz\t\t\t\t\t\t\t\t\t\t<span class=\"total-pages_0\">\t\t\t\t\t\t\t\t\t\t\t3\t\t\t\t\t\t\t\t\t\t<\/span>\t\t\t\t\t\t\t<\/span>              <span class=\"pagination-links_col3\">                <a class=\"bwg-a next-page-0\" title=\"Przejd\u017a do nast\u0119pnej strony\" href=\"\/sp\/wp-json\/wp\/v2\/posts\/9958?page_number_0=2\">\u203a<\/a>                <a class=\"bwg-a last-page-0\" title=\"Przejd\u017a do ostatniej strony\" href=\"\/sp\/wp-json\/wp\/v2\/posts\/9958?page_number_0=3\">\u00bb<\/a>              <\/span>\t\t\t\t\t\t<\/span>\t\t\t\t\t\t        <\/div>                <input type=\"hidden\" id=\"page_number_0\" name=\"page_number_0\" value=\"1\" \/>      <script type=\"text\/javascript\">        if( jQuery('.bwg_nav_cont_0').length > 1 ) {          jQuery('.bwg_nav_cont_0').first().remove()        }        function spider_page_0(cur, x, y, load_more) {          if (typeof load_more == \"undefined\") {            var load_more = false;          }          if (jQuery(cur).hasClass('disabled')) {            return false;          }          var items_county_0 = 3;          switch (y) {            case 1:              if (x >= items_county_0) {                document.getElementById('page_number_0').value = items_county_0;              }              else {                document.getElementById('page_number_0').value = x + 1;              }              break;            case 2:              document.getElementById('page_number_0').value = items_county_0;              break;            case -1:              if (x == 1) {                document.getElementById('page_number_0').value = 1;              }              else {                document.getElementById('page_number_0').value = x - 1;              }              break;            case -2:              document.getElementById('page_number_0').value = 1;              break;\t\t\t\t\t\tcase 0:              document.getElementById('page_number_0').value = x;              break;            default:              document.getElementById('page_number_0').value = 1;          }          bwg_ajax('gal_front_form_0', '0', 'bwg_thumbnails_mosaic_0', '0', '', 'gallery', 0, '', '', load_more, '', 1);        }                    jQuery('.first-page disabled').on('click', function () {              spider_page_0(this, 1, -2, 'numeric');              return false;            });            jQuery('.prev-page disabled').on('click', function () {              spider_page_0(this, 1, -1, 'numeric');              return false;            });            jQuery('.next-page-0').on('click', function () {              spider_page_0(this, 1, 1, 'numeric');              return false;            });            jQuery('.last-page-0').on('click', function () {              spider_page_0(this, 1, 2, 'numeric');              return false;            });        \t\t\t\t\/* Change page on input enter. *\/        function bwg_change_page_0( e, that ) {          if (  e.key == 'Enter' ) {            var to_page = parseInt(jQuery(that).val());            var pages_count = jQuery(that).parents(\".pagination-links\").data(\"pages-count\");            var current_url_param = jQuery(that).attr('data-url-info');            if (to_page > pages_count) {              to_page = 1;            }\t \t\t\t\t\t\t\t\t\t\t\t\tspider_page_0(this, to_page, 0, 'numeric');\t\t\t\t\t\t\treturn false;\t\t\t\t\t\t          }          return true;        }        jQuery('.bwg_load_btn_0').on('click', function () {            spider_page_0(this, 1, 1, true);            return false;        });      <\/script>      <\/span>                <\/div>        <\/form>        <style>          #bwg_container1_0 #bwg_container2_0 #spider_popup_overlay_0 {          background-color: #EEEEEE;          opacity: 0.60;          }          <\/style>        <div id=\"bwg_spider_popup_loading_0\" class=\"bwg_spider_popup_loading\"><\/div>        <div id=\"spider_popup_overlay_0\" class=\"spider_popup_overlay\" onclick=\"spider_destroypopup(1000)\"><\/div>        <input type=\"hidden\" id=\"bwg_random_seed_0\" value=\"2074345550\">                <\/div>    <\/div>    <script>      if (document.readyState === 'complete') {        if( typeof bwg_main_ready == 'function' ) {          if ( jQuery(\"#bwg_container1_0\").height() ) {            bwg_main_ready(jQuery(\"#bwg_container1_0\"));          }        }      } else {        document.addEventListener('DOMContentLoaded', function() {          if( typeof bwg_main_ready == 'function' ) {            if ( jQuery(\"#bwg_container1_0\").height() ) {             bwg_main_ready(jQuery(\"#bwg_container1_0\"));            }          }        });      }    <\/script>    \n<p>\u00a0<\/p>\n<p>\u00a0<\/p>\n\n\n<p><\/p>\n","protected":false},"excerpt":{"rendered":"<p>Kolejny rok szkolny rozpocz\u0119li\u015bmy msz\u0105 \u015bwi\u0119t\u0105. Nast\u0119pnie udali\u015bmy si\u0119 do szko\u0142y, by wzi\u0105\u0107 udzia\u0142 w dalszej cz\u0119\u015bci uroczysto\u015bci. Zapraszamy do obejrzenia fotorelacji \u00a0 \u00a0<\/p>\n","protected":false},"author":1,"featured_media":9960,"comment_status":"closed","ping_status":"open","sticky":false,"template":"","format":"standard","meta":{"footnotes":""},"categories":[3],"tags":[],"class_list":["post-9958","post","type-post","status-publish","format-standard","has-post-thumbnail","hentry","category-events"],"_links":{"self":[{"href":"http:\/\/zs.wolczyn.pl\/sp\/wp-json\/wp\/v2\/posts\/9958","targetHints":{"allow":["GET"]}}],"collection":[{"href":"http:\/\/zs.wolczyn.pl\/sp\/wp-json\/wp\/v2\/posts"}],"about":[{"href":"http:\/\/zs.wolczyn.pl\/sp\/wp-json\/wp\/v2\/types\/post"}],"author":[{"embeddable":true,"href":"http:\/\/zs.wolczyn.pl\/sp\/wp-json\/wp\/v2\/users\/1"}],"replies":[{"embeddable":true,"href":"http:\/\/zs.wolczyn.pl\/sp\/wp-json\/wp\/v2\/comments?post=9958"}],"version-history":[{"count":2,"href":"http:\/\/zs.wolczyn.pl\/sp\/wp-json\/wp\/v2\/posts\/9958\/revisions"}],"predecessor-version":[{"id":9963,"href":"http:\/\/zs.wolczyn.pl\/sp\/wp-json\/wp\/v2\/posts\/9958\/revisions\/9963"}],"wp:featuredmedia":[{"embeddable":true,"href":"http:\/\/zs.wolczyn.pl\/sp\/wp-json\/wp\/v2\/media\/9960"}],"wp:attachment":[{"href":"http:\/\/zs.wolczyn.pl\/sp\/wp-json\/wp\/v2\/media?parent=9958"}],"wp:term":[{"taxonomy":"category","embeddable":true,"href":"http:\/\/zs.wolczyn.pl\/sp\/wp-json\/wp\/v2\/categories?post=9958"},{"taxonomy":"post_tag","embeddable":true,"href":"http:\/\/zs.wolczyn.pl\/sp\/wp-json\/wp\/v2\/tags?post=9958"}],"curies":[{"name":"wp","href":"https:\/\/api.w.org\/{rel}","templated":true}]}}